{"id":78207,"date":"2018-12-26T11:27:29","date_gmt":"2018-12-26T14:27:29","guid":{"rendered":"http:\/\/www.caririemacao.com\/1\/?p=78207"},"modified":"2018-12-26T11:27:29","modified_gmt":"2018-12-26T14:27:29","slug":"juiz-alerta-eleitores-para-justificarem-ausencia-nas-eleicoes-deste-ano","status":"publish","type":"post","link":"https:\/\/www.caririemacao.com\/1\/2018\/12\/26\/juiz-alerta-eleitores-para-justificarem-ausencia-nas-eleicoes-deste-ano\/","title":{"rendered":"Juiz alerta eleitores para justificarem aus\u00eancia nas elei\u00e7\u00f5es deste ano"},"content":{"rendered":"<p>O juiz Hor\u00e1cio Ferreira de Melo J\u00fanior, titular da 17\u00aa Zona Eleitoral de Campina Grande, informou que o prazo para justificar a aus\u00eancia no primeiro e segundo turno das elei\u00e7\u00f5es deste ano termina nesta quinta-feira(27).<\/p>\n<p>\u2013 Ao eleitor que n\u00e3o votou no segundo turno amanh\u00e3 \u00e9 o \u00faltimo dia para justificar aus\u00eancia. Pode fazer a justificativa, inclusive, pelo site do TSE ou pessoalmente no cart\u00f3rio eleitoral, preenche o formul\u00e1rio que o pr\u00f3prio site oferece e entrega no cart\u00f3rio. Se for por problema de sa\u00fade apresenta um comprovante que estava no hospital ou no m\u00e9dico com atestado, problema de viagem ou qualquer motivo justifica. O juiz eleitoral vai examinar se aquela justificativa o convence-\u00a0 disse.<\/p>\n<p>Segundo Hor\u00e1cio,\u00a0o n\u00e3o comparecimento injustificado no dia da elei\u00e7\u00e3o \u00e9 pun\u00edvel com multa\u00a0no valor de R$3,50 e outras penas.<\/p>\n<p>\u2013 Al\u00e9m de ser pass\u00edvel de multa, se n\u00e3o estiver quite com a Justi\u00e7a Eleitoral fica impedido de tirar passaporte, de participar de concurso p\u00fablico e de participar de licita\u00e7\u00f5es p\u00fablicas. A justificativa e a quita\u00e7\u00e3o eleitoral \u00e9 um documento essencial para o eleitor- explicou Ferreira.<\/p>\n<p>O F\u00f3rum Eleitoral da cidade funcionar\u00e1 nesta quinta-feira(27) das 9h \u00e0s 12h.<\/p>\n","protected":false},"excerpt":{"rendered":"<p>O juiz Hor\u00e1cio Ferreira de Melo J\u00fanior, titular da 17\u00aa Zona Eleitoral de Campina Grande, informou que o prazo para justificar a aus\u00eancia no primeiro&hellip; <\/p>\n","protected":false},"author":1,"featured_media":78208,"comment_status":"closed","ping_status":"closed","sticky":false,"template":"","format":"standard","meta":{"sfsi_plus_gutenberg_text_before_share":"","sfsi_plus_gutenberg_show_text_before_share":"","sfsi_plus_gutenberg_icon_type":"","sfsi_plus_gutenberg_icon_alignemt":"","sfsi_plus_gutenburg_max_per_row":"","footnotes":""},"categories":[11],"tags":[],"class_list":["post-78207","post","type-post","status-publish","format-standard","has-post-thumbnail","hentry","category-politica"],"_links":{"self":[{"href":"https:\/\/www.caririemacao.com\/1\/wp-json\/wp\/v2\/posts\/78207","targetHints":{"allow":["GET"]}}],"collection":[{"href":"https:\/\/www.caririemacao.com\/1\/wp-json\/wp\/v2\/posts"}],"about":[{"href":"https:\/\/www.caririemacao.com\/1\/wp-json\/wp\/v2\/types\/post"}],"author":[{"embeddable":true,"href":"https:\/\/www.caririemacao.com\/1\/wp-json\/wp\/v2\/users\/1"}],"replies":[{"embeddable":true,"href":"https:\/\/www.caririemacao.com\/1\/wp-json\/wp\/v2\/comments?post=78207"}],"version-history":[{"count":1,"href":"https:\/\/www.caririemacao.com\/1\/wp-json\/wp\/v2\/posts\/78207\/revisions"}],"predecessor-version":[{"id":78209,"href":"https:\/\/www.caririemacao.com\/1\/wp-json\/wp\/v2\/posts\/78207\/revisions\/78209"}],"wp:featuredmedia":[{"embeddable":true,"href":"https:\/\/www.caririemacao.com\/1\/wp-json\/wp\/v2\/media\/78208"}],"wp:attachment":[{"href":"https:\/\/www.caririemacao.com\/1\/wp-json\/wp\/v2\/media?parent=78207"}],"wp:term":[{"taxonomy":"category","embeddable":true,"href":"https:\/\/www.caririemacao.com\/1\/wp-json\/wp\/v2\/categories?post=78207"},{"taxonomy":"post_tag","embeddable":true,"href":"https:\/\/www.caririemacao.com\/1\/wp-json\/wp\/v2\/tags?post=78207"}],"curies":[{"name":"wp","href":"https:\/\/api.w.org\/{rel}","templated":true}]}}