{"id":78210,"date":"2018-12-26T11:31:14","date_gmt":"2018-12-26T14:31:14","guid":{"rendered":"http:\/\/www.caririemacao.com\/1\/?p=78210"},"modified":"2018-12-26T11:31:14","modified_gmt":"2018-12-26T14:31:14","slug":"governo-paga-mes-de-dezembro-aos-servidores-estaduais-esta-semana","status":"publish","type":"post","link":"https:\/\/www.caririemacao.com\/1\/2018\/12\/26\/governo-paga-mes-de-dezembro-aos-servidores-estaduais-esta-semana\/","title":{"rendered":"Governo paga m\u00eas de dezembro aos servidores estaduais esta semana"},"content":{"rendered":"<p>O pagamento dos servidores estaduais \u2013 folha referente a dezembro \u2013 tem in\u00edcio nesta quinta-feira (27), quando recebem aposentados e pensionistas. Esta \u00e9 a \u00faltima etapa do calend\u00e1rio de pagamento de fim de ano anunciado pelo governador Ricardo Coutinho, que contemplou ainda a segunda parcela do 13\u00ba sal\u00e1rio e o 14\u00ba e 15\u00ba sal\u00e1rios da Educa\u00e7\u00e3o.<\/p>\n<p>De acordo com o calend\u00e1rio, o pagamento prossegue nesta quinta-feira (28), quando recebem os servidores da ativa (administra\u00e7\u00e3o direta e indireta).<\/p>\n<p>Quando fez o an\u00fancio, Ricardo Coutinho destacou que chegou ao 96\u00ba m\u00eas consecutivo pagando aos servidores dentro do m\u00eas trabalhado.<\/p>\n<p>\u201cNo meio de toda essa crise, redu\u00e7\u00e3o do PIB, de tudo, mantivemos o nosso compromisso de pagar em dia, dentro do m\u00eas trabalhado, de pagar os pr\u00eamios e vou sair do governo no dia 1\u00ba de janeiro com todas as folhas pagas. Isso pra mim \u00e9 motivo de alegria enorme, porque eu sei o peso e as dificuldades inerentes a se manter um Estado com as caracter\u00edsticas como o nosso equilibrado dessa forma, investindo para todos, o que \u00e9 importante\u201d, comentou, ressaltando a import\u00e2ncia da folha em dia para o desenvolvimento do Estado.<\/p>\n<p><strong>Calend\u00e1rio\/folha de dezembro<\/strong><\/p>\n<p>27\/12 \u2013 aposentados e pensionistas<\/p>\n<p>28\/12 \u2013 servidores da ativa (administra\u00e7\u00e3o direta e indireta)<\/p>\n","protected":false},"excerpt":{"rendered":"<p>O pagamento dos servidores estaduais \u2013 folha referente a dezembro \u2013 tem in\u00edcio nesta quinta-feira (27), quando recebem aposentados e pensionistas. Esta \u00e9 a \u00faltima&hellip; <\/p>\n","protected":false},"author":1,"featured_media":15356,"comment_status":"closed","ping_status":"closed","sticky":false,"template":"","format":"standard","meta":{"sfsi_plus_gutenberg_text_before_share":"","sfsi_plus_gutenberg_show_text_before_share":"","sfsi_plus_gutenberg_icon_type":"","sfsi_plus_gutenberg_icon_alignemt":"","sfsi_plus_gutenburg_max_per_row":"","footnotes":""},"categories":[50,2],"tags":[],"class_list":["post-78210","post","type-post","status-publish","format-standard","has-post-thumbnail","hentry","category-destaque","category-geral"],"_links":{"self":[{"href":"https:\/\/www.caririemacao.com\/1\/wp-json\/wp\/v2\/posts\/78210","targetHints":{"allow":["GET"]}}],"collection":[{"href":"https:\/\/www.caririemacao.com\/1\/wp-json\/wp\/v2\/posts"}],"about":[{"href":"https:\/\/www.caririemacao.com\/1\/wp-json\/wp\/v2\/types\/post"}],"author":[{"embeddable":true,"href":"https:\/\/www.caririemacao.com\/1\/wp-json\/wp\/v2\/users\/1"}],"replies":[{"embeddable":true,"href":"https:\/\/www.caririemacao.com\/1\/wp-json\/wp\/v2\/comments?post=78210"}],"version-history":[{"count":1,"href":"https:\/\/www.caririemacao.com\/1\/wp-json\/wp\/v2\/posts\/78210\/revisions"}],"predecessor-version":[{"id":78212,"href":"https:\/\/www.caririemacao.com\/1\/wp-json\/wp\/v2\/posts\/78210\/revisions\/78212"}],"wp:featuredmedia":[{"embeddable":true,"href":"https:\/\/www.caririemacao.com\/1\/wp-json\/wp\/v2\/media\/15356"}],"wp:attachment":[{"href":"https:\/\/www.caririemacao.com\/1\/wp-json\/wp\/v2\/media?parent=78210"}],"wp:term":[{"taxonomy":"category","embeddable":true,"href":"https:\/\/www.caririemacao.com\/1\/wp-json\/wp\/v2\/categories?post=78210"},{"taxonomy":"post_tag","embeddable":true,"href":"https:\/\/www.caririemacao.com\/1\/wp-json\/wp\/v2\/tags?post=78210"}],"curies":[{"name":"wp","href":"https:\/\/api.w.org\/{rel}","templated":true}]}}