{"id":78214,"date":"2018-12-26T11:37:46","date_gmt":"2018-12-26T14:37:46","guid":{"rendered":"http:\/\/www.caririemacao.com\/1\/?p=78214"},"modified":"2018-12-26T11:37:46","modified_gmt":"2018-12-26T14:37:46","slug":"ministro-da-seguranca-publica-vem-a-paraiba-nesta-quinta-feira","status":"publish","type":"post","link":"https:\/\/www.caririemacao.com\/1\/2018\/12\/26\/ministro-da-seguranca-publica-vem-a-paraiba-nesta-quinta-feira\/","title":{"rendered":"Ministro da Seguran\u00e7a P\u00fablica vem \u00e0 Para\u00edba nesta quinta-feira"},"content":{"rendered":"<p>O ministro de Estado de Seguran\u00e7a P\u00fablica Raul Jungmann estar\u00e1 na Para\u00edba nesta quinta-feira (27) para a inaugura\u00e7\u00e3o da Unidade Operacional (UOP) da Superintend\u00eancia Regional de Pol\u00edcia Federal.<\/p>\n<p>A nova UOP fica no munic\u00edpio de S\u00e3o Mamede, km 310 na BR-230. O evento tamb\u00e9m deve contar com a presen\u00e7a de deputados e o governador.<\/p>\n","protected":false},"excerpt":{"rendered":"<p>O ministro de Estado de Seguran\u00e7a P\u00fablica Raul Jungmann estar\u00e1 na Para\u00edba nesta quinta-feira (27) para a inaugura\u00e7\u00e3o da Unidade Operacional (UOP) da Superintend\u00eancia Regional&hellip; <\/p>\n","protected":false},"author":1,"featured_media":78215,"comment_status":"closed","ping_status":"closed","sticky":false,"template":"","format":"standard","meta":{"sfsi_plus_gutenberg_text_before_share":"","sfsi_plus_gutenberg_show_text_before_share":"","sfsi_plus_gutenberg_icon_type":"","sfsi_plus_gutenberg_icon_alignemt":"","sfsi_plus_gutenburg_max_per_row":"","footnotes":""},"categories":[11],"tags":[],"class_list":["post-78214","post","type-post","status-publish","format-standard","has-post-thumbnail","hentry","category-politica"],"_links":{"self":[{"href":"https:\/\/www.caririemacao.com\/1\/wp-json\/wp\/v2\/posts\/78214","targetHints":{"allow":["GET"]}}],"collection":[{"href":"https:\/\/www.caririemacao.com\/1\/wp-json\/wp\/v2\/posts"}],"about":[{"href":"https:\/\/www.caririemacao.com\/1\/wp-json\/wp\/v2\/types\/post"}],"author":[{"embeddable":true,"href":"https:\/\/www.caririemacao.com\/1\/wp-json\/wp\/v2\/users\/1"}],"replies":[{"embeddable":true,"href":"https:\/\/www.caririemacao.com\/1\/wp-json\/wp\/v2\/comments?post=78214"}],"version-history":[{"count":1,"href":"https:\/\/www.caririemacao.com\/1\/wp-json\/wp\/v2\/posts\/78214\/revisions"}],"predecessor-version":[{"id":78216,"href":"https:\/\/www.caririemacao.com\/1\/wp-json\/wp\/v2\/posts\/78214\/revisions\/78216"}],"wp:featuredmedia":[{"embeddable":true,"href":"https:\/\/www.caririemacao.com\/1\/wp-json\/wp\/v2\/media\/78215"}],"wp:attachment":[{"href":"https:\/\/www.caririemacao.com\/1\/wp-json\/wp\/v2\/media?parent=78214"}],"wp:term":[{"taxonomy":"category","embeddable":true,"href":"https:\/\/www.caririemacao.com\/1\/wp-json\/wp\/v2\/categories?post=78214"},{"taxonomy":"post_tag","embeddable":true,"href":"https:\/\/www.caririemacao.com\/1\/wp-json\/wp\/v2\/tags?post=78214"}],"curies":[{"name":"wp","href":"https:\/\/api.w.org\/{rel}","templated":true}]}}