{"id":78243,"date":"2018-12-26T14:06:45","date_gmt":"2018-12-26T17:06:45","guid":{"rendered":"http:\/\/www.caririemacao.com\/1\/?p=78243"},"modified":"2018-12-26T14:06:45","modified_gmt":"2018-12-26T17:06:45","slug":"apesar-da-crise-financeira-prefeitura-de-sume-garantiu-13-dos-servidores-municipais","status":"publish","type":"post","link":"https:\/\/www.caririemacao.com\/1\/2018\/12\/26\/apesar-da-crise-financeira-prefeitura-de-sume-garantiu-13-dos-servidores-municipais\/","title":{"rendered":"Apesar da crise financeira, Prefeitura de Sum\u00e9 garantiu 13\u00b0 dos servidores municipais"},"content":{"rendered":"<p>A cidade de Sum\u00e9, no cariri paraibano, figura entre os munic\u00edpios brasileiros que conseguiram honrar com o pagamento do 13\u00ba sal\u00e1rio dentro do prazo estabelecido por lei que \u00e9 at\u00e9 dia 20 de dezembro.<\/p>\n<p>De acordo com pesquisa da Confedera\u00e7\u00e3o Nacional dos Munic\u00edpios (CNM), realizada entre 11 de novembro a 19 de dezembro de 2018, muitas das prefeituras brasileiras n\u00e3o cumprir\u00e3o essa determina\u00e7\u00e3o e ainda por cima terminar\u00e3o esse ano, literalmente no vermelho.<\/p>\n<p>Dos 4.559 munic\u00edpios pesquisados, 31,7%, o que equivale a 1.444 cidades, reconheceram dificuldades no equil\u00edbrio das contas p\u00fablicas, 8,9% alegaram falta de condi\u00e7\u00f5es financeiras para efetuar o pagamento. O mesmo levantamento da CNM sinalizou tamb\u00e9m que metade dos munic\u00edpios de todo o pa\u00eds tinham d\u00edvidas com fornecedores, 15,5% dos prefeitos n\u00e3o poder\u00e3o pagar em dia os sal\u00e1rios de dezembro.<\/p>\n<p>O caso bem sucedido de Sum\u00e9, cuja primeira parcela do 13\u00b0 sal\u00e1rio j\u00e1 havia sido paga no m\u00eas de junho de 2018, conforme informa\u00e7\u00f5es do secret\u00e1rio de Administra\u00e7\u00e3o e Finan\u00e7as do Munic\u00edpio, Rob\u00e9rio Cipriano, se deve em grande parte, a uma administra\u00e7\u00e3o pautada no planejamento, estrat\u00e9gia na execu\u00e7\u00e3o or\u00e7ament\u00e1ria e principalmente responsabilidade social. \u201cN\u00e3o compramos a mais do que podemos pagar\u201d, afirmou.<\/p>\n<p>Rob\u00e9rio ainda ressaltou que a determina\u00e7\u00e3o do Prefeito \u00c9den Duarte \u00e9 no sentido de que os pagamentos dos servidores municipais sejam prioridade n\u00famero um.<\/p>\n<p>Josenildo Paulino de Sousa<\/p>\n","protected":false},"excerpt":{"rendered":"<p>A cidade de Sum\u00e9, no cariri paraibano, figura entre os munic\u00edpios brasileiros que conseguiram honrar com o pagamento do 13\u00ba sal\u00e1rio dentro do prazo estabelecido&hellip; <\/p>\n","protected":false},"author":2,"featured_media":20442,"comment_status":"closed","ping_status":"closed","sticky":false,"template":"","format":"standard","meta":{"sfsi_plus_gutenberg_text_before_share":"","sfsi_plus_gutenberg_show_text_before_share":"","sfsi_plus_gutenberg_icon_type":"","sfsi_plus_gutenberg_icon_alignemt":"","sfsi_plus_gutenburg_max_per_row":"","footnotes":""},"categories":[11],"tags":[],"class_list":["post-78243","post","type-post","status-publish","format-standard","has-post-thumbnail","hentry","category-politica"],"_links":{"self":[{"href":"https:\/\/www.caririemacao.com\/1\/wp-json\/wp\/v2\/posts\/78243","targetHints":{"allow":["GET"]}}],"collection":[{"href":"https:\/\/www.caririemacao.com\/1\/wp-json\/wp\/v2\/posts"}],"about":[{"href":"https:\/\/www.caririemacao.com\/1\/wp-json\/wp\/v2\/types\/post"}],"author":[{"embeddable":true,"href":"https:\/\/www.caririemacao.com\/1\/wp-json\/wp\/v2\/users\/2"}],"replies":[{"embeddable":true,"href":"https:\/\/www.caririemacao.com\/1\/wp-json\/wp\/v2\/comments?post=78243"}],"version-history":[{"count":1,"href":"https:\/\/www.caririemacao.com\/1\/wp-json\/wp\/v2\/posts\/78243\/revisions"}],"predecessor-version":[{"id":78244,"href":"https:\/\/www.caririemacao.com\/1\/wp-json\/wp\/v2\/posts\/78243\/revisions\/78244"}],"wp:featuredmedia":[{"embeddable":true,"href":"https:\/\/www.caririemacao.com\/1\/wp-json\/wp\/v2\/media\/20442"}],"wp:attachment":[{"href":"https:\/\/www.caririemacao.com\/1\/wp-json\/wp\/v2\/media?parent=78243"}],"wp:term":[{"taxonomy":"category","embeddable":true,"href":"https:\/\/www.caririemacao.com\/1\/wp-json\/wp\/v2\/categories?post=78243"},{"taxonomy":"post_tag","embeddable":true,"href":"https:\/\/www.caririemacao.com\/1\/wp-json\/wp\/v2\/tags?post=78243"}],"curies":[{"name":"wp","href":"https:\/\/api.w.org\/{rel}","templated":true}]}}