{"id":78248,"date":"2018-12-26T17:48:20","date_gmt":"2018-12-26T20:48:20","guid":{"rendered":"http:\/\/www.caririemacao.com\/1\/?p=78248"},"modified":"2018-12-26T17:48:20","modified_gmt":"2018-12-26T20:48:20","slug":"carro-capota-cai-de-ponte-e-tres-vitimas-morrem-entre-serra-branca-e-sao-joao-do-cariri","status":"publish","type":"post","link":"https:\/\/www.caririemacao.com\/1\/2018\/12\/26\/carro-capota-cai-de-ponte-e-tres-vitimas-morrem-entre-serra-branca-e-sao-joao-do-cariri\/","title":{"rendered":"Carro capota, cai de ponte e tr\u00eas v\u00edtimas morrem entre Serra Branca e S\u00e3o Jo\u00e3o do Cariri"},"content":{"rendered":"<p class=\"has-drop-cap\">Um grave acidente foi registrado na tarde desta quarta-feira (26), entre as cidades de S\u00e3o S\u00e3o Jo\u00e3o do Cariri e Serra Branca.<\/p>\n<p>De acordo com as primeiras informa\u00e7\u00f5es de populares, um ve\u00edculo com cinco ocupantes que vinha de Campina Grande para cidade da Prata, perdeu o controle, bateu em uma mureta da ponte no S\u00edtio Picoito, na BR-412 e caiu no rio.<\/p>\n<div class=\"wp-block-image\">\n<figure class=\"aligncenter\"><img fetchpriority=\"high\" decoding=\"async\" class=\"wp-image-36211 td-animation-stack-type0-1\" title=\"Carro capota, cai de ponte e tr\u00eas v\u00edtimas morrem entre Serra Branca e S\u00e3o Jo\u00e3o do Cariri\" src=\"https:\/\/i1.wp.com\/www.portaltvcariri.com.br\/wp-content\/uploads\/2018\/12\/49145143_359078164675270_462833660161163264_n.jpg?w=696&amp;ssl=1\" sizes=\"(max-width: 480px) 100vw, 480px\" srcset=\"https:\/\/i2.wp.com\/www.portaltvcariri.com.br\/wp-content\/uploads\/2018\/12\/49145143_359078164675270_462833660161163264_n.jpg?w=480&amp;ssl=1 480w, https:\/\/i0.wp.com\/www.portaltvcariri.com.br\/wp-content\/uploads\/2018\/12\/49145143_359078164675270_462833660161163264_n.jpg?resize=286%2C300&amp;ssl=1 286w, https:\/\/i1.wp.com\/www.portaltvcariri.com.br\/wp-content\/uploads\/2018\/12\/49145143_359078164675270_462833660161163264_n.jpg?resize=401%2C420&amp;ssl=1 401w\" alt=\"49145143 359078164675270 462833660161163264 n - Carro capota, cai de ponte e tr\u00eas v\u00edtimas morrem entre Serra Branca e S\u00e3o Jo\u00e3o do Cariri\" width=\"320\" height=\"335\" data-attachment-id=\"36211\" data-permalink=\"https:\/\/www.portaltvcariri.com.br\/carro-capota-cai-de-ponte-e-tres-vitimas-morrem-entre-serra-branca-e-sao-joao-do-cariri\/49145143_359078164675270_462833660161163264_n\/\" data-orig-file=\"https:\/\/i1.wp.com\/www.portaltvcariri.com.br\/wp-content\/uploads\/2018\/12\/49145143_359078164675270_462833660161163264_n.jpg?fit=480%2C503&amp;ssl=1\" data-orig-size=\"480,503\" data-comments-opened=\"1\" data-image-meta=\"{&quot;aperture&quot;:&quot;0&quot;,&quot;credit&quot;:&quot;&quot;,&quot;camera&quot;:&quot;&quot;,&quot;caption&quot;:&quot;&quot;,&quot;created_timestamp&quot;:&quot;0&quot;,&quot;copyright&quot;:&quot;&quot;,&quot;focal_length&quot;:&quot;0&quot;,&quot;iso&quot;:&quot;0&quot;,&quot;shutter_speed&quot;:&quot;0&quot;,&quot;title&quot;:&quot;&quot;,&quot;orientation&quot;:&quot;0&quot;}\" data-image-title=\"49145143_359078164675270_462833660161163264_n\" data-image-description=\"\" data-medium-file=\"https:\/\/i0.wp.com\/www.portaltvcariri.com.br\/wp-content\/uploads\/2018\/12\/49145143_359078164675270_462833660161163264_n.jpg?fit=286%2C300&amp;ssl=1\" data-large-file=\"https:\/\/i0.wp.com\/www.portaltvcariri.com.br\/wp-content\/uploads\/2018\/12\/49145143_359078164675270_462833660161163264_n.jpg?fit=480%2C503&amp;ssl=1\" \/><\/figure>\n<\/div>\n<p>Ainda de acordo com informa\u00e7\u00f5es apuradas, tr\u00eas mulheres faleceram no local e as outras duas foram socorridas para o Hospital de Trauma de Campina Grande.<\/p>\n<p>Relatos de testemunhas as v\u00edtimas s\u00e3o da cidade de Prata, tamb\u00e9m na regi\u00e3o do Cariri Paraibano, a pol\u00edcia j\u00e1 isolou o local e solicitou a presen\u00e7a da per\u00edcia para identifica e remover os corpos para o Instituto M\u00e9dico Legal.<\/p>\n<p>Mais informa\u00e7\u00f5es em instantes<\/p>\n<p>&nbsp;<\/p>\n<p>PORTALTVCARIRI<\/p>\n","protected":false},"excerpt":{"rendered":"<p>Um grave acidente foi registrado na tarde desta quarta-feira (26), entre as cidades de S\u00e3o S\u00e3o Jo\u00e3o do Cariri e Serra Branca. De acordo com&hellip; <\/p>\n","protected":false},"author":1,"featured_media":78249,"comment_status":"closed","ping_status":"closed","sticky":false,"template":"","format":"standard","meta":{"sfsi_plus_gutenberg_text_before_share":"","sfsi_plus_gutenberg_show_text_before_share":"","sfsi_plus_gutenberg_icon_type":"","sfsi_plus_gutenberg_icon_alignemt":"","sfsi_plus_gutenburg_max_per_row":"","footnotes":""},"categories":[50,12],"tags":[],"class_list":["post-78248","post","type-post","status-publish","format-standard","has-post-thumbnail","hentry","category-destaque","category-policia"],"_links":{"self":[{"href":"https:\/\/www.caririemacao.com\/1\/wp-json\/wp\/v2\/posts\/78248","targetHints":{"allow":["GET"]}}],"collection":[{"href":"https:\/\/www.caririemacao.com\/1\/wp-json\/wp\/v2\/posts"}],"about":[{"href":"https:\/\/www.caririemacao.com\/1\/wp-json\/wp\/v2\/types\/post"}],"author":[{"embeddable":true,"href":"https:\/\/www.caririemacao.com\/1\/wp-json\/wp\/v2\/users\/1"}],"replies":[{"embeddable":true,"href":"https:\/\/www.caririemacao.com\/1\/wp-json\/wp\/v2\/comments?post=78248"}],"version-history":[{"count":1,"href":"https:\/\/www.caririemacao.com\/1\/wp-json\/wp\/v2\/posts\/78248\/revisions"}],"predecessor-version":[{"id":78250,"href":"https:\/\/www.caririemacao.com\/1\/wp-json\/wp\/v2\/posts\/78248\/revisions\/78250"}],"wp:featuredmedia":[{"embeddable":true,"href":"https:\/\/www.caririemacao.com\/1\/wp-json\/wp\/v2\/media\/78249"}],"wp:attachment":[{"href":"https:\/\/www.caririemacao.com\/1\/wp-json\/wp\/v2\/media?parent=78248"}],"wp:term":[{"taxonomy":"category","embeddable":true,"href":"https:\/\/www.caririemacao.com\/1\/wp-json\/wp\/v2\/categories?post=78248"},{"taxonomy":"post_tag","embeddable":true,"href":"https:\/\/www.caririemacao.com\/1\/wp-json\/wp\/v2\/tags?post=78248"}],"curies":[{"name":"wp","href":"https:\/\/api.w.org\/{rel}","templated":true}]}}