{"id":78254,"date":"2018-12-26T20:42:39","date_gmt":"2018-12-26T23:42:39","guid":{"rendered":"http:\/\/www.caririemacao.com\/1\/?p=78254"},"modified":"2018-12-26T20:42:39","modified_gmt":"2018-12-26T23:42:39","slug":"prefeitura-de-monteiro-antecipa-salarios-e-comeca-pagamento-nesta-quarta-feira","status":"publish","type":"post","link":"https:\/\/www.caririemacao.com\/1\/2018\/12\/26\/prefeitura-de-monteiro-antecipa-salarios-e-comeca-pagamento-nesta-quarta-feira\/","title":{"rendered":"Prefeitura de Monteiro antecipa sal\u00e1rios e come\u00e7a pagamento nesta quarta-feira"},"content":{"rendered":"<p>Finalizando o pagamento do m\u00eas de dezembro, a Prefeitura do munic\u00edpio de Monteiro paga nestes dias 26, 27 e 28 a folha do funcionalismo.Seguindo a mesma escala dos meses anteriores, recebem no primeiro dia, nesta quarta-feira, os aposentados, pensionistas e inativos. No dia 27 os sal\u00e1rios dos servidores da educa\u00e7\u00e3o j\u00e1 estar\u00e3o em conta e no \u00faltimo dia os demais servidores municipais.<\/p>\n<p>O pagamento salarial dos servidores municipais de Monteiro tem sido prioridade da gest\u00e3o, que nos \u00faltimos meses dividiu a folha em tr\u00eas dias, evitando filas e possibilitado uma melhor programa\u00e7\u00e3o financeira junto as ag\u00eancias banc\u00e1rias.<\/p>\n<p>Somente neste m\u00eas de dezembro a economia monteirence recebeu cerca de 7 milh\u00f5es advindos do Abono Natalino ofertado aos benefici\u00e1rios do Bolsa Fam\u00edlia, em seguida o pagamento do 14\u00ba sal\u00e1rio para os servidores da educa\u00e7\u00e3o, o 13\u00ba de todos os funcion\u00e1rios e agora os sal\u00e1rios do m\u00eas de dezembro.<\/p>\n<p>\u201cConseguimos manter nosso calend\u00e1rio em dias e com o esfor\u00e7o e organiza\u00e7\u00e3o tamb\u00e9m pagar o 14\u00ba com recursos pr\u00f3prios e n\u00e3o com recursos provenientes de outras fontes, o que nos deixa tranquilos para pagar esta gratifica\u00e7\u00e3o nos demais anos. Agrade\u00e7o a todo o funcionalismo a dedica\u00e7\u00e3o empenhada em 2018 e que neste pr\u00f3ximo ano possamos oferecer servi\u00e7os ainda melhores para a popula\u00e7\u00e3o\u201d, comenta a prefeita Anna Lorena.<\/p>\n<p>&nbsp;<\/p>\n<p>Ascom<\/p>\n","protected":false},"excerpt":{"rendered":"<p>Finalizando o pagamento do m\u00eas de dezembro, a Prefeitura do munic\u00edpio de Monteiro paga nestes dias 26, 27 e 28 a folha do funcionalismo.Seguindo a&hellip; <\/p>\n","protected":false},"author":1,"featured_media":12074,"comment_status":"closed","ping_status":"closed","sticky":false,"template":"","format":"standard","meta":{"sfsi_plus_gutenberg_text_before_share":"","sfsi_plus_gutenberg_show_text_before_share":"","sfsi_plus_gutenberg_icon_type":"","sfsi_plus_gutenberg_icon_alignemt":"","sfsi_plus_gutenburg_max_per_row":"","footnotes":""},"categories":[6],"tags":[],"class_list":["post-78254","post","type-post","status-publish","format-standard","has-post-thumbnail","hentry","category-cidades"],"_links":{"self":[{"href":"https:\/\/www.caririemacao.com\/1\/wp-json\/wp\/v2\/posts\/78254","targetHints":{"allow":["GET"]}}],"collection":[{"href":"https:\/\/www.caririemacao.com\/1\/wp-json\/wp\/v2\/posts"}],"about":[{"href":"https:\/\/www.caririemacao.com\/1\/wp-json\/wp\/v2\/types\/post"}],"author":[{"embeddable":true,"href":"https:\/\/www.caririemacao.com\/1\/wp-json\/wp\/v2\/users\/1"}],"replies":[{"embeddable":true,"href":"https:\/\/www.caririemacao.com\/1\/wp-json\/wp\/v2\/comments?post=78254"}],"version-history":[{"count":1,"href":"https:\/\/www.caririemacao.com\/1\/wp-json\/wp\/v2\/posts\/78254\/revisions"}],"predecessor-version":[{"id":78256,"href":"https:\/\/www.caririemacao.com\/1\/wp-json\/wp\/v2\/posts\/78254\/revisions\/78256"}],"wp:featuredmedia":[{"embeddable":true,"href":"https:\/\/www.caririemacao.com\/1\/wp-json\/wp\/v2\/media\/12074"}],"wp:attachment":[{"href":"https:\/\/www.caririemacao.com\/1\/wp-json\/wp\/v2\/media?parent=78254"}],"wp:term":[{"taxonomy":"category","embeddable":true,"href":"https:\/\/www.caririemacao.com\/1\/wp-json\/wp\/v2\/categories?post=78254"},{"taxonomy":"post_tag","embeddable":true,"href":"https:\/\/www.caririemacao.com\/1\/wp-json\/wp\/v2\/tags?post=78254"}],"curies":[{"name":"wp","href":"https:\/\/api.w.org\/{rel}","templated":true}]}}