{"id":78255,"date":"2018-12-26T21:02:22","date_gmt":"2018-12-27T00:02:22","guid":{"rendered":"http:\/\/www.caririemacao.com\/1\/?p=78255"},"modified":"2018-12-26T21:06:21","modified_gmt":"2018-12-27T00:06:21","slug":"homem-e-preso-por-porte-ilegal-de-arma-em-monteiro","status":"publish","type":"post","link":"https:\/\/www.caririemacao.com\/1\/2018\/12\/26\/homem-e-preso-por-porte-ilegal-de-arma-em-monteiro\/","title":{"rendered":"Homem \u00e9 preso por porte ilegal de arma em Monteiro"},"content":{"rendered":"<p>A Pol\u00edcia Militar prendeu na noite desta quarta-feira, dia 26, na cidade de Monteiro, no Cariri Paraibano, um homem chamado de Edmilton Quaresma da Silva.<\/p>\n<p>Edmilton foi preso quando a PM estava realizando a <strong>\u201cOpera\u00e7\u00e3o Cidade Segura\u201d. <\/strong>A PM parou Edmilton que estava conduzindo uma moto Pop 100 Honda, placa QFK 5678 PB. Com ele foi encontrado em sua cintura 01 rev\u00f3lver marca Rossi, calibre 32, oxidado, cabo de osso (branco), n\u00b0 de s\u00e9rie 100224, 06 muni\u00e7\u00f5es intactas, do mesmo calibre.<\/p>\n<p>Segundo a PM, o homem disse que comprou a arma na feira livre, pois trabalha de vigilante na transposi\u00e7\u00e3o e que teria adquirido a arma por est\u00e1 havendo algumas circula\u00e7\u00e3o de pessoas querendo danificar ou roubar objetos da transposi\u00e7\u00e3o, entre outras palavras, fazendo pantins patins no local. Ele foi conduzido a DP de Monteiro para as devidas provid\u00eancias.<\/p>\n<p>A opera\u00e7\u00e3o foi comandada pelo sargento Cleudo, cabo Juarez e os soldados Silvan e J Alves.<\/p>\n<p>&nbsp;<\/p>\n","protected":false},"excerpt":{"rendered":"<p>A Pol\u00edcia Militar prendeu na noite desta quarta-feira, dia 26, na cidade de Monteiro, no Cariri Paraibano, um homem chamado de Edmilton Quaresma da Silva.&hellip; <\/p>\n","protected":false},"author":2,"featured_media":78271,"comment_status":"closed","ping_status":"closed","sticky":false,"template":"","format":"standard","meta":{"sfsi_plus_gutenberg_text_before_share":"","sfsi_plus_gutenberg_show_text_before_share":"","sfsi_plus_gutenberg_icon_type":"","sfsi_plus_gutenberg_icon_alignemt":"","sfsi_plus_gutenburg_max_per_row":"","footnotes":""},"categories":[12],"tags":[],"class_list":["post-78255","post","type-post","status-publish","format-standard","has-post-thumbnail","hentry","category-policia"],"_links":{"self":[{"href":"https:\/\/www.caririemacao.com\/1\/wp-json\/wp\/v2\/posts\/78255","targetHints":{"allow":["GET"]}}],"collection":[{"href":"https:\/\/www.caririemacao.com\/1\/wp-json\/wp\/v2\/posts"}],"about":[{"href":"https:\/\/www.caririemacao.com\/1\/wp-json\/wp\/v2\/types\/post"}],"author":[{"embeddable":true,"href":"https:\/\/www.caririemacao.com\/1\/wp-json\/wp\/v2\/users\/2"}],"replies":[{"embeddable":true,"href":"https:\/\/www.caririemacao.com\/1\/wp-json\/wp\/v2\/comments?post=78255"}],"version-history":[{"count":1,"href":"https:\/\/www.caririemacao.com\/1\/wp-json\/wp\/v2\/posts\/78255\/revisions"}],"predecessor-version":[{"id":78273,"href":"https:\/\/www.caririemacao.com\/1\/wp-json\/wp\/v2\/posts\/78255\/revisions\/78273"}],"wp:featuredmedia":[{"embeddable":true,"href":"https:\/\/www.caririemacao.com\/1\/wp-json\/wp\/v2\/media\/78271"}],"wp:attachment":[{"href":"https:\/\/www.caririemacao.com\/1\/wp-json\/wp\/v2\/media?parent=78255"}],"wp:term":[{"taxonomy":"category","embeddable":true,"href":"https:\/\/www.caririemacao.com\/1\/wp-json\/wp\/v2\/categories?post=78255"},{"taxonomy":"post_tag","embeddable":true,"href":"https:\/\/www.caririemacao.com\/1\/wp-json\/wp\/v2\/tags?post=78255"}],"curies":[{"name":"wp","href":"https:\/\/api.w.org\/{rel}","templated":true}]}}