{"id":78259,"date":"2018-12-26T20:49:20","date_gmt":"2018-12-26T23:49:20","guid":{"rendered":"http:\/\/www.caririemacao.com\/1\/?p=78259"},"modified":"2018-12-26T20:49:20","modified_gmt":"2018-12-26T23:49:20","slug":"prefeito-de-sume-eden-duarte-inaugura-passagem-molhada-no-sitio-cinco-vacas","status":"publish","type":"post","link":"https:\/\/www.caririemacao.com\/1\/2018\/12\/26\/prefeito-de-sume-eden-duarte-inaugura-passagem-molhada-no-sitio-cinco-vacas\/","title":{"rendered":"Prefeito de Sum\u00e9, \u00c9den Duarte, inaugura passagem molhada no s\u00edtio Cinco Vacas"},"content":{"rendered":"<p>O prefeito \u00c9den Duarte encerrou o ano entregando obras \u00e0 popula\u00e7\u00e3o do munic\u00edpio de Sum\u00e9. Ap\u00f3s inaugurar no dia 14\/12, o sistema de dessaliniza\u00e7\u00e3o de \u00e1gua do s\u00edtio Pitombeira, no \u00faltimo final de semana foi a vez da regi\u00e3o do S\u00edtio Cinco Vacas ser contemplada com a entrega de uma passagem molhada.<\/p>\n<p>O prefeito \u00c9den atento \u00e0s reivindica\u00e7\u00f5es dos moradores da localidade buscou recursos para a obra junto ao deputado federal Wellington Roberto que indicou emenda para a sua constru\u00e7\u00e3o.<\/p>\n<p>A passagem molhada recebeu o nome do senhor Pedro Soares Nogueira, uma homenagem feita pela Prefeitura de Sum\u00e9 ao ex-vereador que era morador da localidade e que prestou muitos servi\u00e7os ao povo da regi\u00e3o.<\/p>\n<p>A fam\u00edlia do homenageado esteve presente \u00e0 inaugura\u00e7\u00e3o e o morador da localidade, Jos\u00e9 Moraes, agradeceu \u00e0 Prefeitura pela obra. \u201cToda a comunidade precisava j\u00e1 h\u00e1 muito tempo, agradecemos ao prefeito \u00c9den, porque s\u00f3 quem sabe da import\u00e2ncia dessa obra \u00e9 quem vive no isolamento. Quando chovia, fic\u00e1vamos semanas sem passagem para transportes\u201d, declarou Jos\u00e9 Moraes.<\/p>\n<p>O prefeito \u00c9den Duarte disse que a passagem molhada ir\u00e1 facilitar agora a vida dos moradores que poder\u00e3o escoar a produ\u00e7\u00e3o, ir para a escola, ir para o hospital, sem dificuldades de locomo\u00e7\u00e3o. \u201c\u00c9 uma mudan\u00e7a de realidade para as fam\u00edlias dessa regi\u00e3o\u201d, disse.<\/p>\n","protected":false},"excerpt":{"rendered":"<p>O prefeito \u00c9den Duarte encerrou o ano entregando obras \u00e0 popula\u00e7\u00e3o do munic\u00edpio de Sum\u00e9. Ap\u00f3s inaugurar no dia 14\/12, o sistema de dessaliniza\u00e7\u00e3o de&hellip; <\/p>\n","protected":false},"author":1,"featured_media":78260,"comment_status":"closed","ping_status":"closed","sticky":false,"template":"","format":"standard","meta":{"sfsi_plus_gutenberg_text_before_share":"","sfsi_plus_gutenberg_show_text_before_share":"","sfsi_plus_gutenberg_icon_type":"","sfsi_plus_gutenberg_icon_alignemt":"","sfsi_plus_gutenburg_max_per_row":"","footnotes":""},"categories":[2],"tags":[],"class_list":["post-78259","post","type-post","status-publish","format-standard","has-post-thumbnail","hentry","category-geral"],"_links":{"self":[{"href":"https:\/\/www.caririemacao.com\/1\/wp-json\/wp\/v2\/posts\/78259","targetHints":{"allow":["GET"]}}],"collection":[{"href":"https:\/\/www.caririemacao.com\/1\/wp-json\/wp\/v2\/posts"}],"about":[{"href":"https:\/\/www.caririemacao.com\/1\/wp-json\/wp\/v2\/types\/post"}],"author":[{"embeddable":true,"href":"https:\/\/www.caririemacao.com\/1\/wp-json\/wp\/v2\/users\/1"}],"replies":[{"embeddable":true,"href":"https:\/\/www.caririemacao.com\/1\/wp-json\/wp\/v2\/comments?post=78259"}],"version-history":[{"count":1,"href":"https:\/\/www.caririemacao.com\/1\/wp-json\/wp\/v2\/posts\/78259\/revisions"}],"predecessor-version":[{"id":78261,"href":"https:\/\/www.caririemacao.com\/1\/wp-json\/wp\/v2\/posts\/78259\/revisions\/78261"}],"wp:featuredmedia":[{"embeddable":true,"href":"https:\/\/www.caririemacao.com\/1\/wp-json\/wp\/v2\/media\/78260"}],"wp:attachment":[{"href":"https:\/\/www.caririemacao.com\/1\/wp-json\/wp\/v2\/media?parent=78259"}],"wp:term":[{"taxonomy":"category","embeddable":true,"href":"https:\/\/www.caririemacao.com\/1\/wp-json\/wp\/v2\/categories?post=78259"},{"taxonomy":"post_tag","embeddable":true,"href":"https:\/\/www.caririemacao.com\/1\/wp-json\/wp\/v2\/tags?post=78259"}],"curies":[{"name":"wp","href":"https:\/\/api.w.org\/{rel}","templated":true}]}}