{"id":78265,"date":"2018-12-26T20:52:41","date_gmt":"2018-12-26T23:52:41","guid":{"rendered":"http:\/\/www.caririemacao.com\/1\/?p=78265"},"modified":"2018-12-26T20:52:41","modified_gmt":"2018-12-26T23:52:41","slug":"aposentados-da-pbprev-tem-prazo-para-comprovacao-de-vida","status":"publish","type":"post","link":"https:\/\/www.caririemacao.com\/1\/2018\/12\/26\/aposentados-da-pbprev-tem-prazo-para-comprovacao-de-vida\/","title":{"rendered":"Aposentados da PBPrev t\u00eam prazo para comprova\u00e7\u00e3o de vida"},"content":{"rendered":"<p>Aposentados e pensionistas do Estado cujos benef\u00edcios s\u00e3o geridos pela Previd\u00eancia Para\u00edba (PBPrev) realizar\u00e3o, a partir de janeiro, comprova\u00e7\u00e3o anual de vida.<\/p>\n<p>A medida, que consta no Decreto Estadual 38.877\/2018, tem como objetivo a manuten\u00e7\u00e3o do pagamento dos benef\u00edcios dos servidores inativos.<\/p>\n<p>A comprova\u00e7\u00e3o anual de vida ser\u00e1 feita no ano subsequente ao da concess\u00e3o do benef\u00edcio em qualquer ag\u00eancia do Bradesco.<\/p>\n<p>O presidente da PBPrev, Yuri Simpson Lobato, disse que a comprova\u00e7\u00e3o anual de vida tem como principal objetivo resguardar o direito dos aposentados e pensionistas.<\/p>\n<p>\u201cEssa \u00e9 uma ferramenta muito importante implantada no \u00e2mbito da PBPrev porque traz lisura aos processos, e uma preocupa\u00e7\u00e3o com o er\u00e1rio, para que sejam pagos apenas benef\u00edcios leg\u00edtimos, de pessoas que fa\u00e7am jus a receber aposentadoria ou pens\u00e3o da PBPrev, trazendo seguran\u00e7a e controle para o pagamento de benef\u00edcios\u201d, explicou.<\/p>\n<p>O per\u00edodo da comprova\u00e7\u00e3o ir\u00e1 de janeiro a dezembro, obedecendo o m\u00eas de anivers\u00e1rio do aposentado ou pensionista, preferencialmente de 11 a 25 de cada m\u00eas.<\/p>\n<div id=\"attachment_221986\" class=\"wp-caption alignleft\"><img fetchpriority=\"high\" decoding=\"async\" class=\"wp-image-221986 \" src=\"https:\/\/paraibaonline.com.br\/wp-content\/uploads\/2017\/12\/aposentados.jpg\" srcset=\"https:\/\/paraibaonline.com.br\/wp-content\/uploads\/2017\/12\/aposentados.jpg 600w, https:\/\/paraibaonline.com.br\/wp-content\/uploads\/2017\/12\/aposentados-567x378.jpg 567w\" alt=\"Foto: Arquivo\/Ag\u00eancia Brasil\" width=\"320\" height=\"213\" \/><\/p>\n<p class=\"wp-caption-text\">Foto: Arquivo\/Ag\u00eancia Brasil<\/p>\n<\/div>\n<p>Isto significa que, em caso de impossibilidade neste per\u00edodo, o benefici\u00e1rio poder\u00e1 comparecer em qualquer ag\u00eancia do Banco Bradesco, institui\u00e7\u00e3o banc\u00e1ria respons\u00e1vel pela folha de pessoal do Estado, nos demais dias.<\/p>\n<p>Mesmo com portabilidade, a comprova\u00e7\u00e3o anual de vida s\u00f3 ser\u00e1 feita em qualquer ag\u00eancia do Bradesco.<\/p>\n<p>Aposentados e pensionistas que tiverem feito o cadastro biom\u00e9trico no banco poder\u00e3o fazer o processo de comprova\u00e7\u00e3o de vida nos terminais de autoatendimento.<\/p>\n<p>Neste caso, haver\u00e1 uma transa\u00e7\u00e3o espec\u00edfica nos terminais de autoatendimento com a emiss\u00e3o de comprovante de realiza\u00e7\u00e3o da comprova\u00e7\u00e3o anual de vida, e esta comodidade dever\u00e1 ser usada exclusivamente pelo titular do benef\u00edcio, o que exclui procurador, curador e afins.<\/p>\n<p>Informa\u00e7\u00f5es importantes \u2013 Caso o aposentado ou pensionista tenha v\u00e1rios benef\u00edcios geridos pela PBPrev, dever\u00e1 fazer apenas uma comprova\u00e7\u00e3o, que poder\u00e1 ser feita ainda por representante legal, desde que seja em casos de doen\u00e7a grave, impossibilidade de locomo\u00e7\u00e3o, declarado incapaz em processo judicial ou resid\u00eancia no exterior.<\/p>\n<p>Quem n\u00e3o realizar a comprova\u00e7\u00e3o anual de vida ter\u00e1 o benef\u00edcio bloqueado. Caso o bloqueio persista por tr\u00eas meses consecutivos, o benef\u00edcio ser\u00e1 cancelado.<\/p>\n<p>Em caso de bloqueio ou de cancelamento, o benefici\u00e1rio deve dirigir-se, o mais r\u00e1pido poss\u00edvel, a uma ag\u00eancia do Bradesco para realizar a comprova\u00e7\u00e3o anual de vida.<\/p>\n<p>N\u00e3o \u00e9 preciso comparecer \u00e0 PBPrev, tendo em vista que os arquivos ser\u00e3o encaminhados para a PBPrev.<\/p>\n<p>Para a comprova\u00e7\u00e3o anual de vida ser\u00e3o exigidos os seguintes documentos:<br \/>\na)Para o aposentado ou pensionista:<br \/>\n\u2013 Original de documento oficial de identifica\u00e7\u00e3o com foto (RG, Carteira Nacional de Habilita\u00e7\u00e3o-CNH, Carteira de Trabalho-CTPS, Passaporte, Carteira de Reservista ou Carteira de Identifica\u00e7\u00e3o de Entidade de Classe), CPF<\/p>\n<p>b) Para o procurador do aposentado ou pensionista:<br \/>\n\u2013 Original de documento oficial de identifica\u00e7\u00e3o com foto (RG, Carteira Nacional de Habilita\u00e7\u00e3o-CNH, Carteira de Trabalho-CTPS, Passaporte, Carteira de Reservista ou Carteira de Identifica\u00e7\u00e3o de Entidade de Classe) do aposentado ou pensionista; CPF do aposentado ou pensionista; Original de documento oficial de identifica\u00e7\u00e3o com foto (RG, Carteira Nacional de Habilita\u00e7\u00e3o-CNH, Carteira de Trabalho-CTPS, Passaporte, Carteira de Reservista ou Carteira de Identifica\u00e7\u00e3o de Entidade de Classe) do procurador; CPF do procurador; Procura\u00e7\u00e3o p\u00fablica emitida por cart\u00f3rio ou reparti\u00e7\u00e3o consular, com data de emiss\u00e3o at\u00e9 01 (um) ano, com poderes para representar o aposentado ou pensionista.<\/p>\n<p>c) Para o curador do aposentado ou do pensionista:<br \/>\n\u2013 Original de documento oficial de identifica\u00e7\u00e3o com foto (RG, Carteira Nacional de Habilita\u00e7\u00e3o-CNH, Carteira de Trabalho-CTPS, Passaporte, Carteira de Reservista ou Carteira de Identifica\u00e7\u00e3o de Entidade de Classe) do aposentado ou pensionista; CPF do aposentado ou pensionista; Original de documento oficial de identifica\u00e7\u00e3o com foto (RG, Carteira Nacional de Habilita\u00e7\u00e3o-CNH, Carteira de Trabalho-CTPS, Passaporte, Carteira de Reservista ou Carteira de Identifica\u00e7\u00e3o de Entidade de Classe) do curador; CPF do curador; Certid\u00e3o ou Termo de curatela<\/p>\n<p>d) Para o tutor ou guardi\u00e3o do pensionista:<br \/>\n\u2013 Original de documento de RG do pensionista; CPF do pensionista; Original de documento oficial de identifica\u00e7\u00e3o com foto (RG, Carteira Nacional de Habilita\u00e7\u00e3o-CNH, Carteira de Trabalho-CTPS, Passaporte, Carteira de Reservista ou Carteira de Identifica\u00e7\u00e3o de Entidade de Classe) do tutor ou guardi\u00e3o; CPF do tutor ou guardi\u00e3o; Certid\u00e3o ou termo de compromisso do tutor ou guardi\u00e3o<\/p>\n<p>e) Para o genitor do pensionista<br \/>\n\u2013 Original de documento oficial de identifica\u00e7\u00e3o com foto (RG, Carteira Nacional de Habilita\u00e7\u00e3o-CNH, Carteira de Trabalho-CTPS, Passaporte, Carteira de Reservista ou Carteira de Identifica\u00e7\u00e3o de Entidade de Classe) do pensionista; CPF do pensionista; Original de documento oficial de identifica\u00e7\u00e3o com foto (RG, Carteira Nacional de Habilita\u00e7\u00e3o-CNH, Carteira de Trabalho-CTPS, Passaporte, Carteira de Reservista ou Carteira de Identifica\u00e7\u00e3o de Entidade de Classe) do genitor; CPF do genitor.<\/p>\n","protected":false},"excerpt":{"rendered":"<p>Aposentados e pensionistas do Estado cujos benef\u00edcios s\u00e3o geridos pela Previd\u00eancia Para\u00edba (PBPrev) realizar\u00e3o, a partir de janeiro, comprova\u00e7\u00e3o anual de vida. A medida, que&hellip; <\/p>\n","protected":false},"author":1,"featured_media":55695,"comment_status":"closed","ping_status":"closed","sticky":false,"template":"","format":"standard","meta":{"sfsi_plus_gutenberg_text_before_share":"","sfsi_plus_gutenberg_show_text_before_share":"","sfsi_plus_gutenberg_icon_type":"","sfsi_plus_gutenberg_icon_alignemt":"","sfsi_plus_gutenburg_max_per_row":"","footnotes":""},"categories":[2],"tags":[],"class_list":["post-78265","post","type-post","status-publish","format-standard","has-post-thumbnail","hentry","category-geral"],"_links":{"self":[{"href":"https:\/\/www.caririemacao.com\/1\/wp-json\/wp\/v2\/posts\/78265","targetHints":{"allow":["GET"]}}],"collection":[{"href":"https:\/\/www.caririemacao.com\/1\/wp-json\/wp\/v2\/posts"}],"about":[{"href":"https:\/\/www.caririemacao.com\/1\/wp-json\/wp\/v2\/types\/post"}],"author":[{"embeddable":true,"href":"https:\/\/www.caririemacao.com\/1\/wp-json\/wp\/v2\/users\/1"}],"replies":[{"embeddable":true,"href":"https:\/\/www.caririemacao.com\/1\/wp-json\/wp\/v2\/comments?post=78265"}],"version-history":[{"count":1,"href":"https:\/\/www.caririemacao.com\/1\/wp-json\/wp\/v2\/posts\/78265\/revisions"}],"predecessor-version":[{"id":78266,"href":"https:\/\/www.caririemacao.com\/1\/wp-json\/wp\/v2\/posts\/78265\/revisions\/78266"}],"wp:featuredmedia":[{"embeddable":true,"href":"https:\/\/www.caririemacao.com\/1\/wp-json\/wp\/v2\/media\/55695"}],"wp:attachment":[{"href":"https:\/\/www.caririemacao.com\/1\/wp-json\/wp\/v2\/media?parent=78265"}],"wp:term":[{"taxonomy":"category","embeddable":true,"href":"https:\/\/www.caririemacao.com\/1\/wp-json\/wp\/v2\/categories?post=78265"},{"taxonomy":"post_tag","embeddable":true,"href":"https:\/\/www.caririemacao.com\/1\/wp-json\/wp\/v2\/tags?post=78265"}],"curies":[{"name":"wp","href":"https:\/\/api.w.org\/{rel}","templated":true}]}}