{"id":78267,"date":"2018-12-26T20:56:00","date_gmt":"2018-12-26T23:56:00","guid":{"rendered":"http:\/\/www.caririemacao.com\/1\/?p=78267"},"modified":"2018-12-26T20:56:00","modified_gmt":"2018-12-26T23:56:00","slug":"sem-dinheiro-prefeitura-paraibana-fecha-unidades-de-saude","status":"publish","type":"post","link":"https:\/\/www.caririemacao.com\/1\/2018\/12\/26\/sem-dinheiro-prefeitura-paraibana-fecha-unidades-de-saude\/","title":{"rendered":"Sem dinheiro, prefeitura paraibana fecha unidades de sa\u00fade"},"content":{"rendered":"<section class=\"special-thematic thematic um-texto caption-off claro um-texto\" data-metrics-special=\"tematico-1|special-thematic\" data-name=\"tematico-1\">\n<div class=\"container\">\n<div class=\"row\">\n<div class=\" col-md-offset-3 col-md-18 col-lg-offset-4 col-lg-16 col-sm-offset-2 col-sm-20 col-xs-8\">\n<div class=\"wrap-content\">\n<div class=\"wrap-inner\">\n<div class=\"wrap-txt\">\n<p>Aos 72 anos, hipertenso, o aposentado Jos\u00e9 Severino da Silva reclama no banco da pra\u00e7a ao lado de outros moradores de\u00a0Esperan\u00e7a, a 160 quil\u00f4metros de Jo\u00e3o Pessoa.<\/p>\n<p>H\u00e1 semanas, o assunto na cidade \u00e9 o decreto municipal 1.874\/2018, que determinava a suspens\u00e3o de parte dos servi\u00e7os de sa\u00fade da cidade de 33 mil habitantes at\u00e9 15 de janeiro. A\u00a0medida\u00a0foi cancelada ap\u00f3s o Minist\u00e9rio P\u00fablico (MP) da Para\u00edba amea\u00e7ar ingressar com a\u00e7\u00e3o civil p\u00fablica contra a Prefeitura.<\/p>\n<p>Citando dificuldades financeiras, servidores anunciavam aos pacientes que procuravam os servi\u00e7os de sa\u00fade que o atendimento havia sido interrompido. E apesar de a\u00a0prefeitura ter recuado oficialmente, a reportagem\u00a0viu moradores serem dispensados e orientados a voltar no ano que vem.<\/p>\n<\/div>\n<\/div>\n<\/div>\n<\/div>\n<\/div>\n<\/div>\n<\/section>\n<section class=\"special-quote isQuoteWeb claro frases-1 dft-tpl caption-off \" data-metrics-special=\"frases-1|special-quote\" data-name=\"frases-1\">\n<div class=\"container\">\n<div class=\"row\">\n<blockquote class=\"wrap-content col-xs-8 col-sm-offset-1 col-sm-22 col-md-18 col-md-offset-3\">\n<div class=\"quotation\">\n<p>A popula\u00e7\u00e3o n\u00e3o pode ficar sem assist\u00eancia \u00e0 sa\u00fade. Por isso tomamos as provid\u00eancias necess\u00e1rias e comunicamos a posi\u00e7\u00e3o do MP, para que a prefeitura n\u00e3o executasse o que estava no decreto, sob pena de entrarmos com a\u00e7\u00e3o. At\u00e9 onde sabemos, o decreto foi revogado, mas continuamos em alerta para qualquer altera\u00e7\u00e3o.<\/p>\n<\/div>\n<div class=\"author-info no-img\">\n<p>Pedro Alves N\u00f3brega, Promotor de Justi\u00e7a<\/p>\n<\/div>\n<\/blockquote>\n<\/div>\n<\/div>\n<\/section>\n<section class=\"special-image valign text-center caption-on subcapa isImageWeb dft-tpl loaded\" data-src=\"https:\/\/conteudo.imguol.com.br\/c\/noticias\/fc\/2018\/12\/23\/unidade-de-saude-vazia-em-esperanca-pb-1545598717714_v2_1920x1080.jpg\" data-metrics-special=\"Cortes em Esperan\u00e7a|special-image\" data-name=\"Cortes em Esperan\u00e7a\" data-crazyload=\"loaded\">\n<div class=\"container\">\n<div class=\"wrap-content col-sm-offset-3 col-sm-18 col-md-offset-2 col-md-20\">\n<h1 class=\"hs-title\">Cortes em Esperan\u00e7a<\/h1>\n<\/div>\n<\/div>\n<\/section>\n<section class=\"special-thematic thematic claro um-texto-com-imagem caption-off vertical\" data-metrics-special=\"tematico-2|special-thematic\" data-name=\"tematico-2\">\n<div class=\"photo-cover vertical hidden-xs hidden-sm\">O decreto que gerou toda a pol\u00eamica no interior paraibano era do come\u00e7o de novembro e trazia \u201cmedidas de contigenciamento para o eficaz corte de gastos em todos os \u00e2mbitos da administra\u00e7\u00e3o\u201d.<\/div>\n<div class=\"container hide-opacity\">\n<div class=\"row\">\n<div class=\"col-sm-offset-2 col-md-offset-3 col-md-10 content-txt\">\n<div class=\"wrap-txt\">\n<p>Segundo a Prefeitura, houve diminui\u00e7\u00e3o na arrecada\u00e7\u00e3o de impostos\u00a0na cidade e \u201cqueda ainda mais acentuada dos repasses oriundos da uni\u00e3o e do Estado\u201d.<\/p>\n<p>Diante do cen\u00e1rio, o prefeito Nodson\u00a0Almeida (PTB) determinou medidas para reduzir gastos em todas as secretarias. Na sa\u00fade, foi institu\u00edda redu\u00e7\u00e3o de\u00a0\u201c10% de produtividade das unidades\u201d.<\/p>\n<p>Para cumprir o decreto, a secretaria de sa\u00fade da cidade decidiu interromper, at\u00e9 15 de janeiro de 2018, servi\u00e7os como atendimento em unidades b\u00e1sicas de sa\u00fade,\u00a0laborat\u00f3rio, policl\u00ednica, farm\u00e1cia b\u00e1sica, odontologia\u00a0e Centro de Aten\u00e7\u00e3o Psicossocial (Caps).<\/p>\n<p>Alguns profissionais sairiam de f\u00e9rias coletivas, enquanto outros seriam transferidos para o hospital da cidade, concentrando o atendimento.<\/p>\n<p>Mas, na pr\u00e1tica, o que se viam eram pacientes sendo mandados de volta para casa, com a orienta\u00e7\u00e3o de esperar o \u201crecesso\u201d, e uma popula\u00e7\u00e3o indignada.<\/p>\n<p class=\"quotation\"><cite>Ningu\u00e9m pede para ficar doente. Como vamos esperar 30 dias para conseguir atendimento? Poderiam fazer cortes em outras coisas, mas n\u00e3o na sa\u00fade.<\/cite><\/p>\n<\/div>\n<\/div>\n<\/div>\n<\/div>\n<\/section>\n<section class=\"special-thematic thematic claro um-texto-com-imagem caption-on horizontal\" data-metrics-special=\"4 m\u00e9dicos para 33 mil habitantes|special-thematic\" data-name=\"4 m\u00e9dicos para 33 mil habitantes\">\n<div class=\"container\">\n<div class=\"row\">\n<div class=\"col-sm-offset-2 col-sm-20 col-md-offset-3 col-md-18 col-lg-offset-4 col-lg-16\">\n<h1 class=\"hs-title\">4 m\u00e9dicos para 33 mil habitantes<\/h1>\n<div class=\"wrap-txt\">\n<p>Antes mesmo de o decreto entrar em vigor, quem chegava \u00e0s unidades de sa\u00fade de Esperan\u00e7a na primeira quinzena de dezembro era avisado da interrup\u00e7\u00e3o dos servi\u00e7os.<\/p>\n<p>Os funcion\u00e1rios informavam que o atendimento seria concentrado no complexo hospitalar do munic\u00edpio, onde h\u00e1 quatro m\u00e9dicos para toda a cidade.<\/p>\n<p>Quando soube da decis\u00e3o, a dona de casa Maria de F\u00e1tima Paulino, 59, lamentou ter que ir para longe para receber o acompanhamento mensal de que precisa.<\/p>\n<p>\u201cAqui falta m\u00e9dico h\u00e1 dois, tr\u00eas meses. Agora v\u00e3o fechar as unidades de sa\u00fade. O que era ruim, agora deve piorar\u201d, declarou.<\/p>\n<p>As insatisfa\u00e7\u00f5es sobre o fechamento das unidades de sa\u00fade se tornaram o principal assunto no munic\u00edpio.<\/p>\n<\/div>\n<\/div>\n<\/div>\n<\/div>\n<\/section>\n<div class=\"special-ads valign\">O que dizem os moradores<\/div>\n<section class=\"special-list colunada quadrado claro com-imagem dft-tpl\" data-metrics-special=\"O que dizem os moradores|special-list\" data-name=\"O que dizem os moradores\">\n<div class=\"container wrap-content\">\n<div class=\"row\">\n<div class=\"col-md-18 col-md-offset-3 col-lg-16 col-lg-offset-4 col-sm-20 col-sm-offset-2\">\n<div class=\"separator\"><\/div>\n<\/div>\n<\/div>\n<div class=\"row\">\n<div class=\"col-xs-8 col-sm-offset-0 col-sm-24 col-md-offset-2 col-md-20 col-lg-offset-3 col-lg-18\">\n<ul class=\"wrap-list row\">\n<li class=\"col-xs-6 col-xs-offset-1 col-sm-offset-0 col-sm-12 col-md-12 col-lg-12\">\n<div class=\"wrap-photo\"><img fetchpriority=\"high\" decoding=\"async\" class=\"mask-circle loaded alignright\" src=\"https:\/\/conteudo.imguol.com.br\/c\/noticias\/f5\/2018\/12\/23\/o-aposentado-jose-severino-da-silva-72-anos-hipertenso-reclama-no-banco-da-praca-ao-lado-de-outros-moradores-da-cidade-de-esperanca-a-160-quilometros-de-joao-pessoa-e-um-absurdo-fazer-uma-coisa-1545598687980_v2_300x300.jpg\" width=\"300\" height=\"300\" data-src=\"https:\/\/conteudo.imguol.com.br\/c\/noticias\/f5\/2018\/12\/23\/o-aposentado-jose-severino-da-silva-72-anos-hipertenso-reclama-no-banco-da-praca-ao-lado-de-outros-moradores-da-cidade-de-esperanca-a-160-quilometros-de-joao-pessoa-e-um-absurdo-fazer-uma-coisa-1545598687980_v2_300x300.jpg\" data-crazyload=\"loaded\" data-crop=\"{\" \/><\/div>\n<div class=\"wrap-txt\">\n<h2 class=\"hs-subtitle\">Z\u00e9 Severino, 72, aposentado<\/h2>\n<p>\u00c9 um absurdo uma coisa dessas. Tenho que ir todo dia ao posto ver a press\u00e3o e pegar o rem\u00e9dio. Agora, dizem pra ir at\u00e9 o hospital longe de casa.<\/p>\n<p><span class=\"photo-credit\">Imagem: Jos\u00e9 Rodrigues\/UOL<\/span><\/p>\n<\/div>\n<div class=\"wrap-txt\">\n<h2 class=\"hs-subtitle\">Alu\u00edsio Lins, 52, motorista<\/h2>\n<p>Infelizmente, a gente tem que tirar do pouco que ganha para ter acesso \u00e0 sa\u00fade. Se n\u00e3o for assim, a gente morre, e o atendimento n\u00e3o vem.<\/p>\n<\/div>\n<\/li>\n<\/ul>\n<\/div>\n<\/div>\n<\/div>\n<\/section>\n<section class=\"special-image valign text-center caption-on foto isImageWeb dft-tpl\" data-metrics-special=\"Saia justa nos profissionais|special-image\" data-name=\"Saia justa nos profissionais\">\n<div class=\"container-full\">\n<div class=\"wrap-content\">\n<div class=\"mask-gradient\"><strong>Saia justa nos profissionais<\/strong><\/div>\n<\/div>\n<\/div>\n<\/section>\n<section class=\"special-thematic thematic um-texto caption-off claro um-texto\" data-metrics-special=\"tematico-4|special-thematic\" data-name=\"tematico-4\">\n<div class=\"container\">\n<div class=\"row\">\n<div class=\" col-md-offset-3 col-md-18 col-lg-offset-4 col-lg-16 col-sm-offset-2 col-sm-20 col-xs-8\">\n<div class=\"wrap-content\">\n<div class=\"wrap-inner\">\n<div class=\"wrap-txt\">\n<p>H\u00e1 25 anos trabalhando na prefeitura, a t\u00e9cnica de enfermagem Maria Vera Lima disse estar \u201cde m\u00e3os atadas\u201d.<\/p>\n<p>Ela relata que os pacientes voltam para casa desalentados com a informa\u00e7\u00e3o do fechamento das unidades. \u201cInfelizmente \u00e9 o que temos a dizer. A popula\u00e7\u00e3o est\u00e1 prejudicada. Por dia, s\u00e3o mais de 20 pessoas que mandamos voltar. Os consult\u00f3rios est\u00e3o vazios\u201d, disse.<\/p>\n<p>Ap\u00f3s procurar m\u00e9dico na unidade de sa\u00fade mais pr\u00f3xima e ser enviado de volta para casa, Firmino da Silva, 94, pediu ao menos que os funcion\u00e1rios aferissem sua press\u00e3o arterial. \u201cA gente nem sabe o que dizer, ainda bem que tenho sa\u00fade\u201d, disse \u00e0 reportagem, enquanto a t\u00e9cnica verificava seus sinais vitais.<\/p>\n<\/div>\n<\/div>\n<\/div>\n<\/div>\n<\/div>\n<\/div>\n<\/section>\n<section class=\"special-thematic thematic claro um-texto-com-imagem caption-on quadrado\" data-metrics-special=\"Outro lado|special-thematic\" data-name=\"Outro lado\">\n<div class=\"container\">\n<div class=\"row\">\n<div class=\"col-sm-15 col-md-offset-2 col-md-14 col-lg-offset-3 col-lg-13\">\n<div class=\"wrap-content\">\n<h1 class=\"hs-title\">Outro lado<\/h1>\n<div class=\"separator quadrado\">Dias antes de o Minist\u00e9rio P\u00fablico da Para\u00edba intervir, a subsecret\u00e1ria de Sa\u00fade,\u00a0Lan\u00edsia\u00a0Bianca Passos, disse que as reclama\u00e7\u00f5es \u201cn\u00e3o se justificam\u201d. Segundo ela, houve um entendimento errado sobre o que representa a suspens\u00e3o dos servi\u00e7os.<\/div>\n<div class=\"wrap-txt\">\n<p>\u201cA popula\u00e7\u00e3o n\u00e3o ficar\u00e1 desassistida. Todos os atendimentos continuar\u00e3o no complexo hospitalar, inclusive em hor\u00e1rio ampliado. A log\u00edstica favorece a assist\u00eancia\u201d, afirmou.<\/p>\n<p>Passos disse ainda que atualmente o munic\u00edpio s\u00f3 conta com quatro m\u00e9dicos. \u201cMuitos profissionais migraram para o programa Mais M\u00e9dicos. Se a prefeitura mantivesse as unidades abertas, apenas quatro comunidades seriam beneficiadas. Por isso decidimos deslocar os m\u00e9dicos para o complexo, para que todos os moradores sejam atendidos. Pensamos em uma melhor abordagem para esse per\u00edodo no qual as unidades estar\u00e3o fechadas\u201d, afirmou.<\/p>\n<\/div>\n<\/div>\n<\/div>\n<\/div>\n<\/div>\n<\/section>\n<footer class=\"special-footer dft-tpl\">\n<div class=\"container wrap-footer\">\n<div class=\"row\">\n<p>VITRINE DO CARIRI<\/p>\n<p>Com UOL<\/p>\n<\/div>\n<\/div>\n<\/footer>\n","protected":false},"excerpt":{"rendered":"<p>Aos 72 anos, hipertenso, o aposentado Jos\u00e9 Severino da Silva reclama no banco da pra\u00e7a ao lado de outros moradores de\u00a0Esperan\u00e7a, a 160 quil\u00f4metros de&hellip; <\/p>\n","protected":false},"author":1,"featured_media":78268,"comment_status":"closed","ping_status":"closed","sticky":false,"template":"","format":"standard","meta":{"sfsi_plus_gutenberg_text_before_share":"","sfsi_plus_gutenberg_show_text_before_share":"","sfsi_plus_gutenberg_icon_type":"","sfsi_plus_gutenberg_icon_alignemt":"","sfsi_plus_gutenburg_max_per_row":"","footnotes":""},"categories":[16],"tags":[],"class_list":["post-78267","post","type-post","status-publish","format-standard","has-post-thumbnail","hentry","category-saude"],"_links":{"self":[{"href":"https:\/\/www.caririemacao.com\/1\/wp-json\/wp\/v2\/posts\/78267","targetHints":{"allow":["GET"]}}],"collection":[{"href":"https:\/\/www.caririemacao.com\/1\/wp-json\/wp\/v2\/posts"}],"about":[{"href":"https:\/\/www.caririemacao.com\/1\/wp-json\/wp\/v2\/types\/post"}],"author":[{"embeddable":true,"href":"https:\/\/www.caririemacao.com\/1\/wp-json\/wp\/v2\/users\/1"}],"replies":[{"embeddable":true,"href":"https:\/\/www.caririemacao.com\/1\/wp-json\/wp\/v2\/comments?post=78267"}],"version-history":[{"count":1,"href":"https:\/\/www.caririemacao.com\/1\/wp-json\/wp\/v2\/posts\/78267\/revisions"}],"predecessor-version":[{"id":78269,"href":"https:\/\/www.caririemacao.com\/1\/wp-json\/wp\/v2\/posts\/78267\/revisions\/78269"}],"wp:featuredmedia":[{"embeddable":true,"href":"https:\/\/www.caririemacao.com\/1\/wp-json\/wp\/v2\/media\/78268"}],"wp:attachment":[{"href":"https:\/\/www.caririemacao.com\/1\/wp-json\/wp\/v2\/media?parent=78267"}],"wp:term":[{"taxonomy":"category","embeddable":true,"href":"https:\/\/www.caririemacao.com\/1\/wp-json\/wp\/v2\/categories?post=78267"},{"taxonomy":"post_tag","embeddable":true,"href":"https:\/\/www.caririemacao.com\/1\/wp-json\/wp\/v2\/tags?post=78267"}],"curies":[{"name":"wp","href":"https:\/\/api.w.org\/{rel}","templated":true}]}}