{"id":78270,"date":"2018-12-26T21:32:07","date_gmt":"2018-12-27T00:32:07","guid":{"rendered":"http:\/\/www.caririemacao.com\/1\/?p=78270"},"modified":"2018-12-26T21:32:07","modified_gmt":"2018-12-27T00:32:07","slug":"paguei-o-preco-diz-cassio-sobre-ter-votado-contra-dilma-no-impeachment","status":"publish","type":"post","link":"https:\/\/www.caririemacao.com\/1\/2018\/12\/26\/paguei-o-preco-diz-cassio-sobre-ter-votado-contra-dilma-no-impeachment\/","title":{"rendered":"\u201cPaguei o pre\u00e7o\u201d, diz C\u00e1ssio sobre ter votado contra Dilma no impeachment"},"content":{"rendered":"<p>O senador C\u00e1ssio Cunha Lima (PSDB) falou nesta quarta-feira, 26, sobre as elei\u00e7\u00f5es deste ano.<\/p>\n<p>Em tom de despedida, j\u00e1 que n\u00e3o conseguiu se reeleger, C\u00e1ssio comentou sobre algumas atitudes tomadas no Senado Federal e afirmou estar pagando o pre\u00e7o por ter votado contra a ex-presidente da Rep\u00fablica, Dilma Rousseff (PT), no seu processo de impeachment.<\/p>\n<p>\u2013 Eu paguei o pre\u00e7o. Grande parte do eleitorado da Para\u00edba tem liga\u00e7\u00f5es com o PT e eu bati de frente, fui contra o PT \u2013 pontuou.<\/p>\n<p>As declara\u00e7\u00f5es repercutiram na R\u00e1dio Correio FM<\/p>\n","protected":false},"excerpt":{"rendered":"<p>O senador C\u00e1ssio Cunha Lima (PSDB) falou nesta quarta-feira, 26, sobre as elei\u00e7\u00f5es deste ano. Em tom de despedida, j\u00e1 que n\u00e3o conseguiu se reeleger,&hellip; <\/p>\n","protected":false},"author":1,"featured_media":1462,"comment_status":"closed","ping_status":"closed","sticky":false,"template":"","format":"standard","meta":{"sfsi_plus_gutenberg_text_before_share":"","sfsi_plus_gutenberg_show_text_before_share":"","sfsi_plus_gutenberg_icon_type":"","sfsi_plus_gutenberg_icon_alignemt":"","sfsi_plus_gutenburg_max_per_row":"","footnotes":""},"categories":[11],"tags":[],"class_list":["post-78270","post","type-post","status-publish","format-standard","has-post-thumbnail","hentry","category-politica"],"_links":{"self":[{"href":"https:\/\/www.caririemacao.com\/1\/wp-json\/wp\/v2\/posts\/78270","targetHints":{"allow":["GET"]}}],"collection":[{"href":"https:\/\/www.caririemacao.com\/1\/wp-json\/wp\/v2\/posts"}],"about":[{"href":"https:\/\/www.caririemacao.com\/1\/wp-json\/wp\/v2\/types\/post"}],"author":[{"embeddable":true,"href":"https:\/\/www.caririemacao.com\/1\/wp-json\/wp\/v2\/users\/1"}],"replies":[{"embeddable":true,"href":"https:\/\/www.caririemacao.com\/1\/wp-json\/wp\/v2\/comments?post=78270"}],"version-history":[{"count":1,"href":"https:\/\/www.caririemacao.com\/1\/wp-json\/wp\/v2\/posts\/78270\/revisions"}],"predecessor-version":[{"id":78277,"href":"https:\/\/www.caririemacao.com\/1\/wp-json\/wp\/v2\/posts\/78270\/revisions\/78277"}],"wp:featuredmedia":[{"embeddable":true,"href":"https:\/\/www.caririemacao.com\/1\/wp-json\/wp\/v2\/media\/1462"}],"wp:attachment":[{"href":"https:\/\/www.caririemacao.com\/1\/wp-json\/wp\/v2\/media?parent=78270"}],"wp:term":[{"taxonomy":"category","embeddable":true,"href":"https:\/\/www.caririemacao.com\/1\/wp-json\/wp\/v2\/categories?post=78270"},{"taxonomy":"post_tag","embeddable":true,"href":"https:\/\/www.caririemacao.com\/1\/wp-json\/wp\/v2\/tags?post=78270"}],"curies":[{"name":"wp","href":"https:\/\/api.w.org\/{rel}","templated":true}]}}