{"id":78272,"date":"2018-12-26T21:03:40","date_gmt":"2018-12-27T00:03:40","guid":{"rendered":"http:\/\/www.caririemacao.com\/1\/?p=78272"},"modified":"2018-12-26T21:03:40","modified_gmt":"2018-12-27T00:03:40","slug":"prefeitura-de-monteiro-realiza-noite-magica-com-a-chegada-de-papai-noel","status":"publish","type":"post","link":"https:\/\/www.caririemacao.com\/1\/2018\/12\/26\/prefeitura-de-monteiro-realiza-noite-magica-com-a-chegada-de-papai-noel\/","title":{"rendered":"Prefeitura de Monteiro realiza noite m\u00e1gica com a chegada de Papai Noel"},"content":{"rendered":"<p>A prefeitura municipal de Monteiro promoveu uma noite encantada, que vai ficar na mem\u00f3ria e nos sonhos das crian\u00e7as e tamb\u00e9m do p\u00fablico de todas as idades, neste s\u00e1bado na Pra\u00e7a Jo\u00e3o Pessoa.<br \/>\nMais uma vez a Secretaria de Desenvolvimento Social em conjunto com toda a equipe da gest\u00e3o municipal proporcionou a chegada da Papai Noel, momento de encantamento, luz e muita magia, aguardado por todos durante o ano inteiro.<br \/>\nA programa\u00e7\u00e3o contou com a chegada do Papai Noel por volta das 20 horas na Pra\u00e7a, recepcionado com uma imensa alegria e felicidade por centenas de crian\u00e7as que ficaram maravilhadas com a beleza do evento.<br \/>\nO Papai Noel atendeu \u00e0s crian\u00e7as com carinho, posou para fotos, cantou, dan\u00e7ou e deixou uma mensagem de esperan\u00e7a e determina\u00e7\u00e3o para todos os presentes.<br \/>\n\u201cQuero que voc\u00eas pensem na alegria que voc\u00eas possam dar a seus filhos. Pensem que \u00e9 melhor que seu filho viva em uma magia sadia, do que em uma realidade triste neste mundo com tantas coisas ruins. Ent\u00e3o pensem em seus filhos, saibam que eles devem crescer sempre observando em todos os bons exemplos\u201d, disse o Papai Noel.<br \/>\nA prefeita Anna Lorena, ao lado de sua equipe de governo, secret\u00e1rios municipais e vereadores tamb\u00e9m deixou sua mensagem de carinho e de felicidade pela passagem das festas natalinas.<br \/>\n\u201cN\u00f3s encerramos o ano prestando contas para todos voc\u00eas com todas as atividades aqui expostas, e agradecemos muito por todas as conquistas que este ano o nosso munic\u00edpio teve. Que em 2020 venham mais vit\u00f3rias, conquistas e desenvolvimento para nossa cidade t\u00e3o linda\u201d.<br \/>\nNa programa\u00e7\u00e3o da noite m\u00e1gica que j\u00e1 virou tradi\u00e7\u00e3o, n\u00e3o faltou luz e beleza, com a linda ornamenta\u00e7\u00e3o proporcionada pela equipe da prefeitura municipal, al\u00e9m das apresenta\u00e7\u00f5es culturais, \u00e0 exemplo do coral da escola EASY de idiomas e as apresenta\u00e7\u00f5es dos usu\u00e1rios de todos os servi\u00e7os e programas sociais do munic\u00edpio \u00e0 exemplo de CRAS, CREAS, Servi\u00e7o de Conviv\u00eancia e Fortalecimento de V\u00ednculos, Grupo da Melhor idade e outros.<\/p>\n","protected":false},"excerpt":{"rendered":"<p>A prefeitura municipal de Monteiro promoveu uma noite encantada, que vai ficar na mem\u00f3ria e nos sonhos das crian\u00e7as e tamb\u00e9m do p\u00fablico de todas&hellip; <\/p>\n","protected":false},"author":1,"featured_media":78274,"comment_status":"closed","ping_status":"closed","sticky":false,"template":"","format":"standard","meta":{"sfsi_plus_gutenberg_text_before_share":"","sfsi_plus_gutenberg_show_text_before_share":"","sfsi_plus_gutenberg_icon_type":"","sfsi_plus_gutenberg_icon_alignemt":"","sfsi_plus_gutenburg_max_per_row":"","footnotes":""},"categories":[2],"tags":[],"class_list":["post-78272","post","type-post","status-publish","format-standard","has-post-thumbnail","hentry","category-geral"],"_links":{"self":[{"href":"https:\/\/www.caririemacao.com\/1\/wp-json\/wp\/v2\/posts\/78272","targetHints":{"allow":["GET"]}}],"collection":[{"href":"https:\/\/www.caririemacao.com\/1\/wp-json\/wp\/v2\/posts"}],"about":[{"href":"https:\/\/www.caririemacao.com\/1\/wp-json\/wp\/v2\/types\/post"}],"author":[{"embeddable":true,"href":"https:\/\/www.caririemacao.com\/1\/wp-json\/wp\/v2\/users\/1"}],"replies":[{"embeddable":true,"href":"https:\/\/www.caririemacao.com\/1\/wp-json\/wp\/v2\/comments?post=78272"}],"version-history":[{"count":1,"href":"https:\/\/www.caririemacao.com\/1\/wp-json\/wp\/v2\/posts\/78272\/revisions"}],"predecessor-version":[{"id":78275,"href":"https:\/\/www.caririemacao.com\/1\/wp-json\/wp\/v2\/posts\/78272\/revisions\/78275"}],"wp:featuredmedia":[{"embeddable":true,"href":"https:\/\/www.caririemacao.com\/1\/wp-json\/wp\/v2\/media\/78274"}],"wp:attachment":[{"href":"https:\/\/www.caririemacao.com\/1\/wp-json\/wp\/v2\/media?parent=78272"}],"wp:term":[{"taxonomy":"category","embeddable":true,"href":"https:\/\/www.caririemacao.com\/1\/wp-json\/wp\/v2\/categories?post=78272"},{"taxonomy":"post_tag","embeddable":true,"href":"https:\/\/www.caririemacao.com\/1\/wp-json\/wp\/v2\/tags?post=78272"}],"curies":[{"name":"wp","href":"https:\/\/api.w.org\/{rel}","templated":true}]}}