{"id":78278,"date":"2018-12-26T21:35:17","date_gmt":"2018-12-27T00:35:17","guid":{"rendered":"http:\/\/www.caririemacao.com\/1\/?p=78278"},"modified":"2018-12-27T00:46:21","modified_gmt":"2018-12-27T03:46:21","slug":"aposentadoria-por-tempo-de-servico-rende-102-a-mais-do-que-beneficio-por-idade","status":"publish","type":"post","link":"https:\/\/www.caririemacao.com\/1\/2018\/12\/26\/aposentadoria-por-tempo-de-servico-rende-102-a-mais-do-que-beneficio-por-idade\/","title":{"rendered":"Aposentadoria por tempo de servi\u00e7o rende 102% a mais do que benef\u00edcio por idade"},"content":{"rendered":"<p>Condenada \u00e0 extin\u00e7\u00e3o nas discuss\u00f5es sobre reforma da Previd\u00eancia, a aposentadoria por tempo de contribui\u00e7\u00e3o -que n\u00e3o requer idade m\u00ednima para ser concedida- eleva o sal\u00e1rio m\u00e9dio dos benefici\u00e1rios em 102% em rela\u00e7\u00e3o \u00e0 renda dos aposentados por idade, de acordo com dados do INSS.<\/p>\n<p>O trabalhador que pede a aposentadoria ap\u00f3s ter contribu\u00eddo por ao menos 30 anos (mulher) ou 35 anos (homem) recebe, em m\u00e9dia, R$ 2.174,96.<\/p>\n<p>Com esses per\u00edodos de recolhimentos atingidos, o benef\u00edcio pode ser requisitado independentemente da idade do segurado.<\/p>\n<p>J\u00e1 quem se aposenta por idade, aos 60 anos (mulher) ou 65 anos (homem), tem uma renda m\u00e9dia de R$ 1.076,42.<\/p>\n<p>A diferen\u00e7a salarial pode ser explicada pela maneira como esses dois tipos de aposentados fizeram suas contribui\u00e7\u00f5es previdenci\u00e1rias ao longo da vida.<\/p>\n<p>Na maioria dos casos, o aposentado por tempo de contribui\u00e7\u00e3o conseguiu se manter empregado no mercado formal de trabalho durante a maior parte da vida.<\/p>\n<p>O n\u00famero maior de recolhimentos pode ajudar a elevar o benef\u00edcio, pois s\u00e3o considerados no c\u00e1lculo apenas os 80% maiores sal\u00e1rios recebidos desde 1994.<\/p>\n<p>Al\u00e9m disso, o profissional que se manteve empregado por cerca de tr\u00eas d\u00e9cadas teve mais chances de contribuir sobre sal\u00e1rios mais altos.<\/p>\n<p>A situa\u00e7\u00e3o do aposentado por idade costuma ser diferente. Grande parte desses segurados recebem o benef\u00edcio tendo completado apenas a car\u00eancia de 15 anos de contribui\u00e7\u00e3o.<\/p>\n<p>A maioria tamb\u00e9m recolheu sobre sal\u00e1rios mais baixos, pr\u00f3ximos ao valor do sal\u00e1rio m\u00ednimo.<\/p>\n<p>A regra 85\/95 tamb\u00e9m contribuiu para ampliar a vantagem salarial de quem se aposenta por tempo de contribui\u00e7\u00e3o, pois ela ajuda trabalhadores que se aposentam ainda na casa dos 50 anos de idade a n\u00e3o terem suas rendas reduzidas pelo fator previdenci\u00e1rio.<\/p>\n<p>MAIS PEDIDOS<br \/>\nAs discuss\u00f5es que envolvem a reforma da Previd\u00eancia tendem a se concentrar em um ponto principal: evitar que os brasileiros continuem se aposentando sem a necessidade de completar uma idade m\u00ednima.<\/p>\n<p>A justificativa apresentada por aqueles que defendem a idade m\u00ednima de aposentadoria \u00e9 o aumento das despesas com aposentadorias e o risco que isso traz para a economia do pa\u00eds em um futuro relativamente pr\u00f3ximo.<\/p>\n<p>Atualmente, a idade m\u00e9dia dos que se aposentam por tempo de contribui\u00e7\u00e3o \u00e9 de 53 anos (mulheres) e de 55 anos (homens), conforme dados divulgados pela Secretaria de Previd\u00eancia.<\/p>\n<p>Isso significa que esses segurados receber\u00e3o aposentadorias por muito tempo, considerando a crescente expectativa de vida da popula\u00e7\u00e3o do pa\u00eds, que hoje est\u00e1 em 76 anos, segundo o IBGE (Instituto Brasileiro de Geografia e Estat\u00edstica).<\/p>\n<p>O n\u00famero de pessoas com 65 anos ou mais avan\u00e7ar\u00e1 de 16,1 milh\u00f5es, em 2015, para 58,4 milh\u00f5es, em 2060.<\/p>\n<p>O aumento \u00e9 de 263%, apontam as proje\u00e7\u00f5es tamb\u00e9m do IBGE, divulgadas pelo Minist\u00e9rio da Fazenda.<\/p>\n<p>Mas, por enquanto, os debates sobre a reforma t\u00eam apenas motivado mais trabalhadores a anteciparem suas aposentadorias.<\/p>\n<p>No primeiro semestre de 2018, 775,6 mil segurados pediram aposentadorias por tempo de contribui\u00e7\u00e3o.<\/p>\n<p>O n\u00famero \u00e9 40% maior do que as 554,2 mil solicita\u00e7\u00f5es do mesmo per\u00edodo de 2016, antes do Congresso come\u00e7ar a discutir a reforma.<\/p>\n","protected":false},"excerpt":{"rendered":"<p>Condenada \u00e0 extin\u00e7\u00e3o nas discuss\u00f5es sobre reforma da Previd\u00eancia, a aposentadoria por tempo de contribui\u00e7\u00e3o -que n\u00e3o requer idade m\u00ednima para ser concedida- eleva o&hellip; <\/p>\n","protected":false},"author":1,"featured_media":5422,"comment_status":"closed","ping_status":"closed","sticky":false,"template":"","format":"standard","meta":{"sfsi_plus_gutenberg_text_before_share":"","sfsi_plus_gutenberg_show_text_before_share":"","sfsi_plus_gutenberg_icon_type":"","sfsi_plus_gutenberg_icon_alignemt":"","sfsi_plus_gutenburg_max_per_row":"","footnotes":""},"categories":[50,2],"tags":[],"class_list":["post-78278","post","type-post","status-publish","format-standard","has-post-thumbnail","hentry","category-destaque","category-geral"],"_links":{"self":[{"href":"https:\/\/www.caririemacao.com\/1\/wp-json\/wp\/v2\/posts\/78278","targetHints":{"allow":["GET"]}}],"collection":[{"href":"https:\/\/www.caririemacao.com\/1\/wp-json\/wp\/v2\/posts"}],"about":[{"href":"https:\/\/www.caririemacao.com\/1\/wp-json\/wp\/v2\/types\/post"}],"author":[{"embeddable":true,"href":"https:\/\/www.caririemacao.com\/1\/wp-json\/wp\/v2\/users\/1"}],"replies":[{"embeddable":true,"href":"https:\/\/www.caririemacao.com\/1\/wp-json\/wp\/v2\/comments?post=78278"}],"version-history":[{"count":1,"href":"https:\/\/www.caririemacao.com\/1\/wp-json\/wp\/v2\/posts\/78278\/revisions"}],"predecessor-version":[{"id":78279,"href":"https:\/\/www.caririemacao.com\/1\/wp-json\/wp\/v2\/posts\/78278\/revisions\/78279"}],"wp:featuredmedia":[{"embeddable":true,"href":"https:\/\/www.caririemacao.com\/1\/wp-json\/wp\/v2\/media\/5422"}],"wp:attachment":[{"href":"https:\/\/www.caririemacao.com\/1\/wp-json\/wp\/v2\/media?parent=78278"}],"wp:term":[{"taxonomy":"category","embeddable":true,"href":"https:\/\/www.caririemacao.com\/1\/wp-json\/wp\/v2\/categories?post=78278"},{"taxonomy":"post_tag","embeddable":true,"href":"https:\/\/www.caririemacao.com\/1\/wp-json\/wp\/v2\/tags?post=78278"}],"curies":[{"name":"wp","href":"https:\/\/api.w.org\/{rel}","templated":true}]}}