{"id":78301,"date":"2018-12-27T07:52:44","date_gmt":"2018-12-27T10:52:44","guid":{"rendered":"http:\/\/www.caririemacao.com\/1\/?p=78301"},"modified":"2018-12-27T07:52:44","modified_gmt":"2018-12-27T10:52:44","slug":"hemocentro-da-paraiba-convoca-doadores-para-manter-estoque-de-sangue","status":"publish","type":"post","link":"https:\/\/www.caririemacao.com\/1\/2018\/12\/27\/hemocentro-da-paraiba-convoca-doadores-para-manter-estoque-de-sangue\/","title":{"rendered":"Hemocentro da Para\u00edba convoca doadores para manter estoque de sangue"},"content":{"rendered":"<p class=\"yiv4898929399MsoNormal\">A dire\u00e7\u00e3o do Hemocentro da Para\u00edba, em Jo\u00e3o Pessoa, est\u00e1 refor\u00e7ando o apelo para que doadores compare\u00e7am ao banco de sangue para manter o estoque da institui\u00e7\u00e3o. O estoque segue com baixa em rela\u00e7\u00e3o \u00e0s demandas, principalmente para os tipos sangu\u00edneos A+ e O+.<\/p>\n<p class=\"yiv4898929399MsoNormal\">Conforme explica a coordenadora de A\u00e7\u00f5es Estrat\u00e9gicas do Hemocentro, Elaine Santana, a falta de sangue no per\u00edodo de transi\u00e7\u00e3o de ano (dezembro e janeiro) \u00e9 um problema nacional que se estende at\u00e9 o carnaval. \u201c\u00c9 importante que todos ajudem continuamente no trabalho de sensibiliza\u00e7\u00e3o da sociedade. O trabalho educativo em prol da doa\u00e7\u00e3o regular \u00e9 a melhor maneira de tentar resolver esta quest\u00e3o em longo prazo, pois as a\u00e7\u00f5es pontuais s\u00e3o insuficientes\u201d, refor\u00e7a a coordenadora.<\/p>\n<p class=\"yiv4898929399MsoNormal\">\u201cConvidamos a popula\u00e7\u00e3o para vir doar e ajudar a abastecer o banco de sangue. O Hemocentro \u00e9 a \u00fanica institui\u00e7\u00e3o respons\u00e1vel por fornecer sangue para a rede de sa\u00fade, por isso \u00e9 necess\u00e1rio a presen\u00e7a dos doadores regularmente\u201d, frisou a diretora-geral do Hemocentro da Para\u00edba, Luciana Vieira Gomes.<\/p>\n<p class=\"yiv4898929399MsoNormal\">Em Jo\u00e3o Pessoa, o Hemocentro funciona de segunda a sexta-feira, das 7h \u00e0s 17h30, e aos s\u00e1bados, das 7h \u00e0s 17h.<\/p>\n<p class=\"yiv4898929399MsoNormal\"><b>Quem pode doar<\/b><\/p>\n<p class=\"yiv4898929399MsoNormal\"><b>\u00a0\u2013\u00a0<\/b>Pessoas com idade de 16 a 69 anos (jovens entre 16 e 17 anos precisam estar acompanhados de um respons\u00e1vel legal \u2013 pai ou m\u00e3e). \u00c9 necess\u00e1rio apresentar um documento oficial com foto.<\/p>\n<p class=\"yiv4898929399MsoNormal\">\u2013 O limite para a primeira doa\u00e7\u00e3o \u00e9 de 60 anos de idade e peso m\u00ednimo de 50 Kg.<\/p>\n<p class=\"yiv4898929399MsoNormal\">\u2013 \u00c9 importante estar se sentindo bem de sa\u00fade.<\/p>\n<p class=\"yiv4898929399MsoNormal\">\u2013 Outros crit\u00e9rios ser\u00e3o avaliados na triagem cl\u00ednica.<\/p>\n","protected":false},"excerpt":{"rendered":"<p>A dire\u00e7\u00e3o do Hemocentro da Para\u00edba, em Jo\u00e3o Pessoa, est\u00e1 refor\u00e7ando o apelo para que doadores compare\u00e7am ao banco de sangue para manter o estoque&hellip; <\/p>\n","protected":false},"author":1,"featured_media":38186,"comment_status":"closed","ping_status":"closed","sticky":false,"template":"","format":"standard","meta":{"sfsi_plus_gutenberg_text_before_share":"","sfsi_plus_gutenberg_show_text_before_share":"","sfsi_plus_gutenberg_icon_type":"","sfsi_plus_gutenberg_icon_alignemt":"","sfsi_plus_gutenburg_max_per_row":"","footnotes":""},"categories":[16],"tags":[],"class_list":["post-78301","post","type-post","status-publish","format-standard","has-post-thumbnail","hentry","category-saude"],"_links":{"self":[{"href":"https:\/\/www.caririemacao.com\/1\/wp-json\/wp\/v2\/posts\/78301","targetHints":{"allow":["GET"]}}],"collection":[{"href":"https:\/\/www.caririemacao.com\/1\/wp-json\/wp\/v2\/posts"}],"about":[{"href":"https:\/\/www.caririemacao.com\/1\/wp-json\/wp\/v2\/types\/post"}],"author":[{"embeddable":true,"href":"https:\/\/www.caririemacao.com\/1\/wp-json\/wp\/v2\/users\/1"}],"replies":[{"embeddable":true,"href":"https:\/\/www.caririemacao.com\/1\/wp-json\/wp\/v2\/comments?post=78301"}],"version-history":[{"count":1,"href":"https:\/\/www.caririemacao.com\/1\/wp-json\/wp\/v2\/posts\/78301\/revisions"}],"predecessor-version":[{"id":78302,"href":"https:\/\/www.caririemacao.com\/1\/wp-json\/wp\/v2\/posts\/78301\/revisions\/78302"}],"wp:featuredmedia":[{"embeddable":true,"href":"https:\/\/www.caririemacao.com\/1\/wp-json\/wp\/v2\/media\/38186"}],"wp:attachment":[{"href":"https:\/\/www.caririemacao.com\/1\/wp-json\/wp\/v2\/media?parent=78301"}],"wp:term":[{"taxonomy":"category","embeddable":true,"href":"https:\/\/www.caririemacao.com\/1\/wp-json\/wp\/v2\/categories?post=78301"},{"taxonomy":"post_tag","embeddable":true,"href":"https:\/\/www.caririemacao.com\/1\/wp-json\/wp\/v2\/tags?post=78301"}],"curies":[{"name":"wp","href":"https:\/\/api.w.org\/{rel}","templated":true}]}}