{"id":78303,"date":"2018-12-27T08:09:51","date_gmt":"2018-12-27T11:09:51","guid":{"rendered":"http:\/\/www.caririemacao.com\/1\/?p=78303"},"modified":"2018-12-27T08:09:51","modified_gmt":"2018-12-27T11:09:51","slug":"supremo-acerta-acordo-entre-tribunal-de-justica-e-governo-da-paraiba","status":"publish","type":"post","link":"https:\/\/www.caririemacao.com\/1\/2018\/12\/27\/supremo-acerta-acordo-entre-tribunal-de-justica-e-governo-da-paraiba\/","title":{"rendered":"Supremo acerta acordo entre Tribunal de Justi\u00e7a e Governo da Para\u00edba"},"content":{"rendered":"<p>O ministro Ricardo Lewandowski, do Supremo Tribunal Federal (STF), homologou acordo entre o Estado da Para\u00edba e o Tribunal de Justi\u00e7a (TJ-PB) envolvendo repasse de duod\u00e9cimos, quest\u00e3o tratada no Mandado de Seguran\u00e7a (MS) 35648. Em outubro de 2018, as partes realizaram audi\u00eancia de concilia\u00e7\u00e3o na Corte.<\/p>\n<p>O MS foi impetrado pelo TJ-PB contra o governador do estado, a fim de que fosse determinado o repasse integral, ao Poder Judici\u00e1rio, do duod\u00e9cimo previsto na lei or\u00e7ament\u00e1ria anual, conforme estabelece o artigo 168, da Constitui\u00e7\u00e3o Federal. No dia 27\/4, o ministro deferiu parcialmente liminar para determinar o repasse do valor integral dos duod\u00e9cimos referentes a abril de 2018 e dos valores dos meses restantes referentes \u00e0s dota\u00e7\u00f5es or\u00e7ament\u00e1rias destinadas ao Judici\u00e1rio estadual.<\/p>\n<p>O Estado da Para\u00edba apresentou recurso contra essa decis\u00e3o e com pedido de efeito suspensivo, argumentando que o deferimento da liminar geraria \u201cconsequ\u00eancias nefastas e desastrosas\u201d ao equil\u00edbrio das finan\u00e7as p\u00fablicas estaduais.<\/p>\n<p>Sustentou ainda que a limita\u00e7\u00e3o \u00e0 execu\u00e7\u00e3o imposta ao Judici\u00e1rio decorre de previs\u00e3o legal, editada diante da necessidade de renegocia\u00e7\u00e3o da d\u00edvida do estado com a Uni\u00e3o, e que o n\u00e3o cumprimento das medidas fiscais de conten\u00e7\u00e3o de gastos resultaria em penalidades.<\/p>\n","protected":false},"excerpt":{"rendered":"<p>O ministro Ricardo Lewandowski, do Supremo Tribunal Federal (STF), homologou acordo entre o Estado da Para\u00edba e o Tribunal de Justi\u00e7a (TJ-PB) envolvendo repasse de&hellip; <\/p>\n","protected":false},"author":1,"featured_media":991,"comment_status":"closed","ping_status":"closed","sticky":false,"template":"","format":"standard","meta":{"sfsi_plus_gutenberg_text_before_share":"","sfsi_plus_gutenberg_show_text_before_share":"","sfsi_plus_gutenberg_icon_type":"","sfsi_plus_gutenberg_icon_alignemt":"","sfsi_plus_gutenburg_max_per_row":"","footnotes":""},"categories":[11],"tags":[],"class_list":["post-78303","post","type-post","status-publish","format-standard","has-post-thumbnail","hentry","category-politica"],"_links":{"self":[{"href":"https:\/\/www.caririemacao.com\/1\/wp-json\/wp\/v2\/posts\/78303","targetHints":{"allow":["GET"]}}],"collection":[{"href":"https:\/\/www.caririemacao.com\/1\/wp-json\/wp\/v2\/posts"}],"about":[{"href":"https:\/\/www.caririemacao.com\/1\/wp-json\/wp\/v2\/types\/post"}],"author":[{"embeddable":true,"href":"https:\/\/www.caririemacao.com\/1\/wp-json\/wp\/v2\/users\/1"}],"replies":[{"embeddable":true,"href":"https:\/\/www.caririemacao.com\/1\/wp-json\/wp\/v2\/comments?post=78303"}],"version-history":[{"count":1,"href":"https:\/\/www.caririemacao.com\/1\/wp-json\/wp\/v2\/posts\/78303\/revisions"}],"predecessor-version":[{"id":78304,"href":"https:\/\/www.caririemacao.com\/1\/wp-json\/wp\/v2\/posts\/78303\/revisions\/78304"}],"wp:featuredmedia":[{"embeddable":true,"href":"https:\/\/www.caririemacao.com\/1\/wp-json\/wp\/v2\/media\/991"}],"wp:attachment":[{"href":"https:\/\/www.caririemacao.com\/1\/wp-json\/wp\/v2\/media?parent=78303"}],"wp:term":[{"taxonomy":"category","embeddable":true,"href":"https:\/\/www.caririemacao.com\/1\/wp-json\/wp\/v2\/categories?post=78303"},{"taxonomy":"post_tag","embeddable":true,"href":"https:\/\/www.caririemacao.com\/1\/wp-json\/wp\/v2\/tags?post=78303"}],"curies":[{"name":"wp","href":"https:\/\/api.w.org\/{rel}","templated":true}]}}