{"id":78307,"date":"2018-12-27T08:22:40","date_gmt":"2018-12-27T11:22:40","guid":{"rendered":"http:\/\/www.caririemacao.com\/1\/?p=78307"},"modified":"2018-12-27T08:22:40","modified_gmt":"2018-12-27T11:22:40","slug":"piores-smartphones-e-eletronicos-de-2018-saiba-quais-foram-as-decepcoes-do-ano","status":"publish","type":"post","link":"https:\/\/www.caririemacao.com\/1\/2018\/12\/27\/piores-smartphones-e-eletronicos-de-2018-saiba-quais-foram-as-decepcoes-do-ano\/","title":{"rendered":"Piores smartphones e eletr\u00f4nicos de 2018: saiba quais foram as decep\u00e7\u00f5es do ano"},"content":{"rendered":"<p>O ano de 2018, al\u00e9m de grandes sucessos, tamb\u00e9m contou com algumas decep\u00e7\u00f5es no mundo da tecnologia. Fatores diversos \u2013 como concorr\u00eancia, divulga\u00e7\u00e3o e pre\u00e7os \u2013 impediram certos produtos de terem o resultado esperado no mercado.<\/p>\n<div class=\"textblock\">\n<p>Na semana passada, o TudoCelular iniciou uma enquete para ajudar a escolher os piores smartphones e eletr\u00f4nicos de 2018. Em vota\u00e7\u00e3o aberta com o staff do site, foram definidas tr\u00eas categorias diferentes para opinar, as quais possu\u00edam de tr\u00eas a sete concorrentes cada.<\/p>\n<div class=\"td-a-rec td-a-rec-id-content_inline  \"><span class=\"td-adspot-title\">Gra\u00e7as \u00e0 colabora\u00e7\u00e3o de at\u00e9 7.500 internautas que participaram da vota\u00e7\u00e3o, o site voltado para not\u00edcias referentes ao mundo dos dispositivos m\u00f3veis pode listar quais s\u00e3o as consideradas decep\u00e7\u00f5es do ano. Confira a seguir e n\u00e3o deixe de comentar os resultados conosco:<\/span><\/div>\n<\/div>\n<div class=\"labelo\"><strong>Decep\u00e7\u00e3o em smartphones: Motorola One<\/strong><\/div>\n<p><img decoding=\"async\" title=\"\" src=\"https:\/\/t.tudocdn.net\/369044?w=660\" alt=\"Piores smartphones e eletr\u00f4nicos de 2018: saiba quais foram as decep\u00e7\u00f5es do ano\" width=\"660\" data-src=\"https:\/\/t.tudocdn.net\/369044?w=660\" data-pagespeed-url-hash=\"1839866081\" \/>Primeiro aparelho com Android One que chegou ao Brasil, o Motorola One foi considerado por 35% dos votantes como a decep\u00e7\u00e3o do ano em smartphones. Com hardware de 2017, o modelo vem equipado com tela de 5,9 polegadas, chipset Snapdragon 625, 4 GB de RAM e 64 GB de espa\u00e7o interno.<\/p>\n<div class=\"textblock\">\n<ul>\n<li><strong>2\u00ba lugar: <\/strong>Motorola Moto Z3 (23%)<\/li>\n<li><strong>3\u00ba lugar: <\/strong>Motorola Moto E5 Play (11%)<\/li>\n<li><strong>4\u00ba lugar: <\/strong>Positivo Twist Mini S431 (11%)<\/li>\n<li><strong>5\u00ba lugar:<\/strong> LG G7 ThinQ (9%)<\/li>\n<li><strong>6\u00ba lugar:<\/strong> Palm Phone (6%)<\/li>\n<li><strong>7\u00ba lugar:<\/strong> Huawei P20 Pro (5%)<\/li>\n<\/ul>\n<\/div>\n<div class=\"labelo\"><strong>Decep\u00e7\u00e3o em eletr\u00f4nicos: Apple HomePod<\/strong><\/div>\n<p><a class=\"fancybox\" href=\"https:\/\/t.tudocdn.net\/319266?w=1000&amp;fit=clip\" rel=\"group\" data-fancybox-type=\"image\"><img decoding=\"async\" title=\"\" src=\"https:\/\/t.tudocdn.net\/319266?w=660\" alt=\"Piores smartphones e eletr\u00f4nicos de 2018: saiba quais foram as decep\u00e7\u00f5es do ano\" width=\"660\" data-src=\"https:\/\/t.tudocdn.net\/319266?w=660\" data-pagespeed-url-hash=\"4124473246\" \/><\/a>Com 41% dos votos, o Apple HomePod foi escolhido pelos internautas como a decep\u00e7\u00e3o do ano entre os eletr\u00f4nicos em 2018. O alto-falante inteligente da \u201cMa\u00e7\u00e3\u201d era esperado por muito tempo e, ap\u00f3s apresentar problemas depois do lan\u00e7amento, chegou a ter seus pedidos reduzidos em mais da metade devido \u00e0 baixa demanda.<\/p>\n<div class=\"textblock\">\n<ul>\n<li><strong>2\u00ba lugar:<\/strong> PlayStation Classic (38%)<\/li>\n<li><strong>3\u00ba lugar:<\/strong> Samsung Odyssey (21%)<\/li>\n<\/ul>\n<\/div>\n<div class=\"labelo\"><strong>Decep\u00e7\u00e3o em tecnologias no geral \u2013 Facebook<\/strong><\/div>\n<p><a class=\"fancybox\" href=\"https:\/\/t.tudocdn.net\/327890?w=1000&amp;fit=clip\" rel=\"group\" data-fancybox-type=\"image\"><img decoding=\"async\" title=\"\" src=\"https:\/\/t.tudocdn.net\/327890?w=660\" alt=\"Piores smartphones e eletr\u00f4nicos de 2018: saiba quais foram as decep\u00e7\u00f5es do ano\" width=\"660\" data-src=\"https:\/\/t.tudocdn.net\/327890?w=660\" data-pagespeed-url-hash=\"1969685842\" \/><\/a><\/p>\n<p>Por causa dos v\u00e1rios casos de vazamentos de dados, o Facebook foi o mais votado na categoria decep\u00e7\u00e3o em tecnologias no geral. Envolvida em v\u00e1rios esc\u00e2ndalos, como o da Cambridge Analytica, a rede social foi a prefer\u00eancia de 49% das pessoas.<\/p>\n<div class=\"textblock\">\n<ul>\n<li><strong>2\u00ba lugar:<\/strong> Samsung Bixby \u2013 falta do idioma portugu\u00eas (23%)<\/li>\n<li><strong>3\u00ba lugar:<\/strong> Android Go (11%)<\/li>\n<li><strong>4\u00ba lugar:<\/strong> Apple Siri \u2013 matou Stan Lee antes do tempo (10%)<\/li>\n<li><strong>5\u00ba lugar:<\/strong> 4K \u2013 transmiss\u00f5es na Copa do Mundo (7%)<\/li>\n<\/ul>\n<\/div>\n","protected":false},"excerpt":{"rendered":"<p>O ano de 2018, al\u00e9m de grandes sucessos, tamb\u00e9m contou com algumas decep\u00e7\u00f5es no mundo da tecnologia. Fatores diversos \u2013 como concorr\u00eancia, divulga\u00e7\u00e3o e pre\u00e7os&hellip; <\/p>\n","protected":false},"author":1,"featured_media":78308,"comment_status":"closed","ping_status":"closed","sticky":false,"template":"","format":"standard","meta":{"sfsi_plus_gutenberg_text_before_share":"","sfsi_plus_gutenberg_show_text_before_share":"","sfsi_plus_gutenberg_icon_type":"","sfsi_plus_gutenberg_icon_alignemt":"","sfsi_plus_gutenburg_max_per_row":"","footnotes":""},"categories":[2],"tags":[],"class_list":["post-78307","post","type-post","status-publish","format-standard","has-post-thumbnail","hentry","category-geral"],"_links":{"self":[{"href":"https:\/\/www.caririemacao.com\/1\/wp-json\/wp\/v2\/posts\/78307","targetHints":{"allow":["GET"]}}],"collection":[{"href":"https:\/\/www.caririemacao.com\/1\/wp-json\/wp\/v2\/posts"}],"about":[{"href":"https:\/\/www.caririemacao.com\/1\/wp-json\/wp\/v2\/types\/post"}],"author":[{"embeddable":true,"href":"https:\/\/www.caririemacao.com\/1\/wp-json\/wp\/v2\/users\/1"}],"replies":[{"embeddable":true,"href":"https:\/\/www.caririemacao.com\/1\/wp-json\/wp\/v2\/comments?post=78307"}],"version-history":[{"count":1,"href":"https:\/\/www.caririemacao.com\/1\/wp-json\/wp\/v2\/posts\/78307\/revisions"}],"predecessor-version":[{"id":78309,"href":"https:\/\/www.caririemacao.com\/1\/wp-json\/wp\/v2\/posts\/78307\/revisions\/78309"}],"wp:featuredmedia":[{"embeddable":true,"href":"https:\/\/www.caririemacao.com\/1\/wp-json\/wp\/v2\/media\/78308"}],"wp:attachment":[{"href":"https:\/\/www.caririemacao.com\/1\/wp-json\/wp\/v2\/media?parent=78307"}],"wp:term":[{"taxonomy":"category","embeddable":true,"href":"https:\/\/www.caririemacao.com\/1\/wp-json\/wp\/v2\/categories?post=78307"},{"taxonomy":"post_tag","embeddable":true,"href":"https:\/\/www.caririemacao.com\/1\/wp-json\/wp\/v2\/tags?post=78307"}],"curies":[{"name":"wp","href":"https:\/\/api.w.org\/{rel}","templated":true}]}}