{"id":78310,"date":"2018-12-27T08:27:47","date_gmt":"2018-12-27T11:27:47","guid":{"rendered":"http:\/\/www.caririemacao.com\/1\/?p=78310"},"modified":"2018-12-27T08:27:47","modified_gmt":"2018-12-27T11:27:47","slug":"apos-morte-de-cachorro-governador-sanciona-lei-do-transporte-de-animais","status":"publish","type":"post","link":"https:\/\/www.caririemacao.com\/1\/2018\/12\/27\/apos-morte-de-cachorro-governador-sanciona-lei-do-transporte-de-animais\/","title":{"rendered":"Ap\u00f3s morte de cachorro, governador sanciona lei do transporte de animais"},"content":{"rendered":"<p>O governador Ricardo Coutinho (PSB) sancionou lei de autoria do deputado estadual Bruno Cunha Lima (PSDB) que garante o transporte de animais de pequeno porte em linhas rodovi\u00e1rias intermunicipais. A san\u00e7\u00e3o foi publicada na edi\u00e7\u00e3o desta quinta-feira (27) do Di\u00e1rio Oficial do Estado.<\/p>\n<p>A lei garante o transporte apenas para c\u00e3es e gatos de at\u00e9 oito quilos e \u00e9 limitada a dois animais.\u00a0o propriet\u00e1rio dever\u00e1 apresentar documento firmado por m\u00e9dico veterin\u00e1rio atestando as boas condi\u00e7\u00f5es de sa\u00fade<br \/>\ndo animal, emitido no per\u00edodo de 15 dias antes da data da viagem.<\/p>\n<p>Al\u00e9m disso, a lei exige carteira de vacina\u00e7\u00e3o atualizada, na qual conste, pelo menos, as vacinas antirr\u00e1bica\u00a0e polivalente e que os\u00a0animais estejam devidamente higienizados.<\/p>\n<p>Eles dever\u00e3o ser acondicionados em caixas de transporte apropriadas\u00a0ou similares durante a sua perman\u00eancia no ve\u00edculo, devendo ser transportados em local definido pela\u00a0empresa e que lhes ofere\u00e7a condi\u00e7\u00f5es de prote\u00e7\u00e3o e conforto.<\/p>\n<p>Os donos de animais ser\u00e3o orientados pela empresa de \u00f4nibus a adquirirem,\u00a0com anteced\u00eancia, passagem extra para que possam conduzir o animal ao seu lado.<\/p>\n<p>No \u00faltimo dia 23 um cachorro morreu enquanto era transportado no bagageiro de \u00f4nibus que seguia de Sousa, no Sert\u00e3o, para Jo\u00e3o Pessoa.<\/p>\n<p><strong>MaisPB<\/strong><\/p>\n","protected":false},"excerpt":{"rendered":"<p>O governador Ricardo Coutinho (PSB) sancionou lei de autoria do deputado estadual Bruno Cunha Lima (PSDB) que garante o transporte de animais de pequeno porte&hellip; <\/p>\n","protected":false},"author":1,"featured_media":38165,"comment_status":"closed","ping_status":"closed","sticky":false,"template":"","format":"standard","meta":{"sfsi_plus_gutenberg_text_before_share":"","sfsi_plus_gutenberg_show_text_before_share":"","sfsi_plus_gutenberg_icon_type":"","sfsi_plus_gutenberg_icon_alignemt":"","sfsi_plus_gutenburg_max_per_row":"","footnotes":""},"categories":[11],"tags":[],"class_list":["post-78310","post","type-post","status-publish","format-standard","has-post-thumbnail","hentry","category-politica"],"_links":{"self":[{"href":"https:\/\/www.caririemacao.com\/1\/wp-json\/wp\/v2\/posts\/78310","targetHints":{"allow":["GET"]}}],"collection":[{"href":"https:\/\/www.caririemacao.com\/1\/wp-json\/wp\/v2\/posts"}],"about":[{"href":"https:\/\/www.caririemacao.com\/1\/wp-json\/wp\/v2\/types\/post"}],"author":[{"embeddable":true,"href":"https:\/\/www.caririemacao.com\/1\/wp-json\/wp\/v2\/users\/1"}],"replies":[{"embeddable":true,"href":"https:\/\/www.caririemacao.com\/1\/wp-json\/wp\/v2\/comments?post=78310"}],"version-history":[{"count":1,"href":"https:\/\/www.caririemacao.com\/1\/wp-json\/wp\/v2\/posts\/78310\/revisions"}],"predecessor-version":[{"id":78311,"href":"https:\/\/www.caririemacao.com\/1\/wp-json\/wp\/v2\/posts\/78310\/revisions\/78311"}],"wp:featuredmedia":[{"embeddable":true,"href":"https:\/\/www.caririemacao.com\/1\/wp-json\/wp\/v2\/media\/38165"}],"wp:attachment":[{"href":"https:\/\/www.caririemacao.com\/1\/wp-json\/wp\/v2\/media?parent=78310"}],"wp:term":[{"taxonomy":"category","embeddable":true,"href":"https:\/\/www.caririemacao.com\/1\/wp-json\/wp\/v2\/categories?post=78310"},{"taxonomy":"post_tag","embeddable":true,"href":"https:\/\/www.caririemacao.com\/1\/wp-json\/wp\/v2\/tags?post=78310"}],"curies":[{"name":"wp","href":"https:\/\/api.w.org\/{rel}","templated":true}]}}