{"id":78312,"date":"2018-12-27T09:40:19","date_gmt":"2018-12-27T12:40:19","guid":{"rendered":"http:\/\/www.caririemacao.com\/1\/?p=78312"},"modified":"2018-12-27T09:40:19","modified_gmt":"2018-12-27T12:40:19","slug":"mppb-investiga-venda-de-terras-em-nome-de-homem-que-morreu-26-anos-antes","status":"publish","type":"post","link":"https:\/\/www.caririemacao.com\/1\/2018\/12\/27\/mppb-investiga-venda-de-terras-em-nome-de-homem-que-morreu-26-anos-antes\/","title":{"rendered":"MPPB investiga venda de terras em nome de homem que morreu 26 anos antes"},"content":{"rendered":"<p>Tr\u00eas processos tramitam na 4\u00aa Vara de Justi\u00e7a Criminal do munic\u00edpio de Santa Rita, Regi\u00e3o Metropolitana de Jo\u00e3o Pessoa, com o objetivo de apurar uma suspeita de emiss\u00e3o de registro da venda de terras em nome de um homem que estava morto 26 anos antes. De acordo com os documentos, a assinatura de Manoel Barbosa da Silva, que morreu em 1935, consta no registro de venda da Fazenda Jacara\u00fana, em 1961.<\/p>\n<div class=\"wall protected-content\">\n<div class=\"mc-column content-text active-extra-styles \" data-block-weight=\"78\" data-block-type=\"unstyled\">\n<p class=\"content-text__container \" data-track-category=\"Link no Texto\" data-track-links=\"\">A hist\u00f3ria come\u00e7a quando Manoel Barbosa da Silva adquire a propriedade fazenda Japungu por volta de 1891 e, por volta de 1930, torna-se propriet\u00e1rio tamb\u00e9m da fazenda Jacara\u00fana. Com a morte da esposa e a realiza\u00e7\u00e3o de um invent\u00e1rio, foi feita a partilha das terras. Manoel Barbosa, ent\u00e3o, ficou com metade da fazenda Japungu em seu nome e a outra metade foi dividida entre os cinco filhos. A fazenda Jacara\u00fana, por fim, j\u00e1 era de Manoel por inteira.<\/p>\n<\/div>\n<div class=\"mc-column content-text active-extra-styles \" data-block-weight=\"49\" data-block-type=\"unstyled\">\n<p class=\"content-text__container \" data-track-category=\"Link no Texto\" data-track-links=\"\">Quando Manoel morreu, em 1935, n\u00e3o foi feito nenhum invent\u00e1rio sobre as suas posses, mas as propriedades continuaram sendo ocupadas pelos filhos como morada e trabalho. No entanto, em 1961, uma procura\u00e7\u00e3o teria sido forjada, com a assinatura do falecido Manoel Barbosa da Silva, em nome de Luiz Jos\u00e9.<\/p>\n<\/div>\n<div class=\"mc-column content-text active-extra-styles \" data-block-weight=\"40\" data-block-type=\"unstyled\">\n<p class=\"content-text__container \" data-track-category=\"Link no Texto\" data-track-links=\"\">De acordo com a\u00e7\u00e3o impetrada pela fam\u00edlia de Daniel Santana, trineto de Manoel, diversas vendas e desmembramentos das terras foram feitas, desde a primeira procura\u00e7\u00e3o falsificada, j\u00e1 que seria imposs\u00edvel Manoel assinar a procura\u00e7\u00e3o 26 anos ap\u00f3s a sua morte.<\/p>\n<\/div>\n<div class=\"mc-column content-text active-extra-styles \" data-block-weight=\"68\" data-block-type=\"unstyled\">\n<p class=\"content-text__container \" data-track-category=\"Link no Texto\" data-track-links=\"\">A propriedade de Japungu tem 7 km de largura e 14 km de comprimento. Atualmente, ainda h\u00e1 uma pequena ocupa\u00e7\u00e3o em quatro hectares de terra da fazenda Jupungu e 18 hectares ocupados por pessoas da fam\u00edlia de Manoel na fazendo Jacara\u00fana. Como as transa\u00e7\u00f5es aconteceram ao longo desses anos e havia, de fato, uma procura\u00e7\u00e3o no nome de Manoel, n\u00e3o era poss\u00edvel provar que as vendas eram ilegais.<\/p>\n<\/div>\n<div class=\"mc-column content-text active-extra-styles \" data-block-weight=\"62\" data-block-type=\"unstyled\">\n<p class=\"content-text__container \" data-track-category=\"Link no Texto\" data-track-links=\"\">Embora a fam\u00edlia soubesse da ilegalidade, n\u00e3o havia provas. Quando o pai de Daniel contou para ele a hist\u00f3ria e o trineto de Manoel buscou identificar o que tinha acontecido, algumas provas foram surgindo. Daniel come\u00e7ou a procurar em 2009 os documentos e as procura\u00e7\u00f5es que comprovavam a falsifica\u00e7\u00e3o. No entanto, apenas em 2016 entrou na Justi\u00e7a com o pedido de investiga\u00e7\u00e3o.<\/p>\n<\/div>\n<div class=\"mc-column content-text active-extra-styles \" data-block-weight=\"66\" data-block-type=\"unstyled\">\n<p class=\"content-text__container \" data-track-category=\"Link no Texto\" data-track-links=\"\">Atualmente, h\u00e1 tr\u00eas processos em aberto sobre o caso. Um deles \u00e9 uma a\u00e7\u00e3o reivindicat\u00f3ria cumulada com pedido de liminar direta e indireta das propriedades Japungu e Jacara\u00fana, com pedido de anula\u00e7\u00e3o do registro imobili\u00e1rio, cancelando todas as transa\u00e7\u00f5es j\u00e1 realizadas dos locais e reivindicando a propriedade. Esse processo est\u00e1 pendente de julgamento. Como ele corre em segredo de justi\u00e7a, n\u00e3o h\u00e1 detalhes sobre o caso.<\/p>\n<\/div>\n<div class=\"mc-column content-text active-extra-styles \" data-block-weight=\"36\" data-block-type=\"unstyled\">\n<p class=\"content-text__container \" data-track-category=\"Link no Texto\" data-track-links=\"\">O outro processo data o ano de 2016 e trata-se de um processo administrativo contra o Cart\u00f3rio 2\u00ba Of\u00edcio de Notas, onde teria sido feito o registro do im\u00f3vel e de onde saiu a procura\u00e7\u00e3o falsificada.<\/p>\n<\/div>\n<div class=\"mc-column content-text active-extra-styles \" data-block-weight=\"70\" data-block-type=\"unstyled\">\n<p class=\"content-text__container \" data-track-category=\"Link no Texto\" data-track-links=\"\">Nos pedidos para ter acesso aos documentos, o cart\u00f3rio informou \u00e0 Justi\u00e7a que \u201cap\u00f3s terem sido realizadas v\u00e1rias buscas nos arquivos [&#8230;] n\u00e3o foi localizada, at\u00e9 o presente momento, matr\u00edcula aberta para os im\u00f3veis identificados [Japungu e Jacara\u00fana]\u201d. J\u00e1 no que diz respeito ao segundo im\u00f3vel, que consta no livro 3-B do cart\u00f3rio, n\u00e3o foi poss\u00edvel localizar, nem confirmar as informa\u00e7\u00f5es apresentadas por Daniel, porque o livro estava totalmente deteriorado.<\/p>\n<\/div>\n<div class=\"mc-column content-text active-extra-styles \" data-block-weight=\"40\" data-block-type=\"unstyled\">\n<p class=\"content-text__container \" data-track-category=\"Link no Texto\" data-track-links=\"\">O \u00faltimo processo, e mais recente, \u00e9 do ano de 2018. Trata-se do processo de falsifica\u00e7\u00e3o das procura\u00e7\u00f5es em nome de Manoel Barbosa, da fazendo Jacara\u00fana. A \u00faltima movimenta\u00e7\u00e3o \u00e9 uma certid\u00e3o que foi expedida para dar prosseguimento ao processo.<\/p>\n<\/div>\n<div class=\"mc-column content-text active-extra-styles\" data-block-weight=\"4\" data-block-type=\"raw\">\n<div class=\"content-intertitle\">\n<h2>Parecer do Minist\u00e9rio P\u00fablico<\/h2>\n<\/div>\n<\/div>\n<div class=\"mc-column content-text active-extra-styles \" data-block-weight=\"39\" data-block-type=\"unstyled\">\n<p class=\"content-text__container \" data-track-category=\"Link no Texto\" data-track-links=\"\">No segundo processo, um parecer do Minist\u00e9rio P\u00fablico esclarece que houve uma solicita\u00e7\u00e3o no cart\u00f3rio pelo registro de im\u00f3vel da fazenda Jacara\u00fana. Esclarece, ainda, a resposta do cart\u00f3rio, que informou sobre a deteriora\u00e7\u00e3o do livro onde consta o documento.<\/p>\n<\/div>\n<div class=\"mc-column content-text active-extra-styles \" data-block-weight=\"49\" data-block-type=\"unstyled\">\n<p class=\"content-text__container \" data-track-category=\"Link no Texto\" data-track-links=\"\">Diante do exposto, o promotor Romualdo Tadeu explicou que, segundo o CNJ, a danifica\u00e7\u00e3o de qualquer livro do servi\u00e7o extrajudicial deve ser comunicada \u00e0 Justi\u00e7a. Portanto, no parecer, o promotor solicita a extra\u00e7\u00e3o do m\u00e1ximo de informa\u00e7\u00f5es poss\u00edveis do livro 3-B, para atender a solicita\u00e7\u00e3o do requerente, Daniel Santana.<\/p>\n<\/div>\n<div class=\"mc-column content-text active-extra-styles \" data-block-weight=\"79\" data-block-type=\"unstyled\">\n<p class=\"content-text__container \" data-track-category=\"Link no Texto\" data-track-links=\"\">Ele tamb\u00e9m considera que o procedimento administrativo n\u00e3o \u00e9 o meio mais adequado para a investiga\u00e7\u00e3o e recomenda a instaura\u00e7\u00e3o de uma sindic\u00e2ncia para apurar os fatos. Portanto, a \u00faltima movimenta\u00e7\u00e3o no processo trata-se de uma senten\u00e7a que determina que o cart\u00f3rio informe em que situa\u00e7\u00e3o est\u00e1 a deterioriza\u00e7\u00e3o do livro e o andamento da sua restaura\u00e7\u00e3o, para que seja poss\u00edvel analisar o registro do im\u00f3vel Jacara\u00fana, e tamb\u00e9m decide pela abertura de uma sindic\u00e2ncia para investigar o caso.<\/p>\n<\/div>\n<div class=\"content-ads content-ads--reveal\" data-block-type=\"ads\">\n<div id=\"banner_materia__ac6c6e44dabe4ce38c611c5e12596c79\" class=\"tag-manager-publicidade-container has-reveal has-ad-lazyload tag-manager-publicidade-banner_materia__ac6c6e44dabe4ce38c611c5e12596c79 tag-manager-publicidade-container--carregado tag-manager-publicidade-container--visivel\" data-id=\"banner_materia__ac6c6e44dabe4ce38c611c5e12596c79\" data-lid=\"4895343481\" data-cid=\"138254793555\" data-google-query-id=\"CLTyyu_0v98CFQOfAQodrr0FIQ\"><\/div>\n<\/div>\n<div class=\"mc-column content-text active-extra-styles\" data-block-weight=\"6\" data-block-type=\"raw\">\n<div class=\"content-intertitle\">\n<h2>Cart\u00f3rio envolvido em opera\u00e7\u00f5es do MP<\/h2>\n<\/div>\n<\/div>\n<div class=\"mc-column content-text active-extra-styles \" data-block-weight=\"38\" data-block-type=\"unstyled\">\n<p class=\"content-text__container \" data-track-category=\"Link no Texto\" data-track-links=\"\">O Cart\u00f3rio 2\u00ba Of\u00edcio de Notas, de Santa Rita, foi alvo de uma <strong>opera\u00e7\u00e3o do Minist\u00e9rio P\u00fablico, em 2016<\/strong>, para desarticular uma sistema financeiro de falsifica\u00e7\u00e3o de documentos, falsidade ideol\u00f3gica, corrup\u00e7\u00e3o ativa e passiva e desvio de dinheiro.<\/p>\n<\/div>\n<div class=\"mc-column content-text active-extra-styles \" data-block-weight=\"52\" data-block-type=\"unstyled\">\n<p class=\"content-text__container \" data-track-category=\"Link no Texto\" data-track-links=\"\">Um dos envolvidos \u00e9 Walfredo Jos\u00e9 de Ata\u00edde J\u00fanior, conhecido como J\u00fanior do Cart\u00f3rio, que era respons\u00e1vel pela expedi\u00e7\u00e3o de atos cartoriais para legitimar a exist\u00eancia de casas fict\u00edcias, sob o pagamento de propina. Quando interrogado, J\u00fanior se limitou a negar a poss\u00edvel atua\u00e7\u00e3o no cart\u00f3rio com o prop\u00f3sito de favorecer algu\u00e9m.<\/p>\n<\/div>\n<div class=\"mc-column content-text active-extra-styles \" data-block-weight=\"63\" data-block-type=\"unstyled\">\n<p class=\"content-text__container \" data-track-category=\"Link no Texto\" data-track-links=\"\">Na <strong>\u00faltima ter\u00e7a-feira (11), a Opera\u00e7\u00e3o Escribas, tamb\u00e9m do Minist\u00e9rio P\u00fablico da Para\u00edba<\/strong>, por meio do Grupo de Atua\u00e7\u00e3o Especial Contra o Crime Organizado (Gaeco), cumpriu tr\u00eas mandados de pris\u00e3o, tr\u00eas de busca e apreens\u00e3o, al\u00e9m de sequestro de bens, para desarticular um esquema criminoso que estava desviando valores do Cart\u00f3rio do 2\u00ba Of\u00edcio de Notas e Registro de Im\u00f3veis de Santa Rita.<\/p>\n<\/div>\n<div data-track-category=\"multicontent\" data-track-action=\"ultimo chunk conteudo\" data-track-noninteraction=\"false\" data-track-scroll=\"view\">\n<div class=\"mc-column content-text active-extra-styles \" data-block-weight=\"76\" data-block-type=\"unstyled\">\n<p class=\"content-text__container \" data-track-category=\"Link no Texto\" data-track-links=\"\">Foram presos a tabeli\u00e3 substituta do cart\u00f3ria, M\u00e9rcia F\u00e1tima Ata\u00edde, e os filhos dela, Valercia F\u00e1tima Ata\u00edde e, novamente, Walfredo J\u00fanior. Este, segundo Daniel Santana relatou ao <strong>G1<\/strong>, foi a pessoa que o atendeu na primeira vez que esteve no cart\u00f3rio, e afirmou que o registro da solicita\u00e7\u00e3o do livro era imposs\u00edvel, pois estava ileg\u00edvel. Em um novo retorno de Daniel ao cart\u00f3rio, J\u00fanior, de acordo com o processo, teria dito que Daniel o estava importunando.<\/p>\n<\/div>\n<\/div>\n<\/div>\n<p data-track-category=\"Link no Texto\" data-track-links=\"\">G1<\/p>\n","protected":false},"excerpt":{"rendered":"<p>Tr\u00eas processos tramitam na 4\u00aa Vara de Justi\u00e7a Criminal do munic\u00edpio de Santa Rita, Regi\u00e3o Metropolitana de Jo\u00e3o Pessoa, com o objetivo de apurar uma&hellip; <\/p>\n","protected":false},"author":1,"featured_media":5064,"comment_status":"closed","ping_status":"closed","sticky":false,"template":"","format":"standard","meta":{"sfsi_plus_gutenberg_text_before_share":"","sfsi_plus_gutenberg_show_text_before_share":"","sfsi_plus_gutenberg_icon_type":"","sfsi_plus_gutenberg_icon_alignemt":"","sfsi_plus_gutenburg_max_per_row":"","footnotes":""},"categories":[50,2],"tags":[],"class_list":["post-78312","post","type-post","status-publish","format-standard","has-post-thumbnail","hentry","category-destaque","category-geral"],"_links":{"self":[{"href":"https:\/\/www.caririemacao.com\/1\/wp-json\/wp\/v2\/posts\/78312","targetHints":{"allow":["GET"]}}],"collection":[{"href":"https:\/\/www.caririemacao.com\/1\/wp-json\/wp\/v2\/posts"}],"about":[{"href":"https:\/\/www.caririemacao.com\/1\/wp-json\/wp\/v2\/types\/post"}],"author":[{"embeddable":true,"href":"https:\/\/www.caririemacao.com\/1\/wp-json\/wp\/v2\/users\/1"}],"replies":[{"embeddable":true,"href":"https:\/\/www.caririemacao.com\/1\/wp-json\/wp\/v2\/comments?post=78312"}],"version-history":[{"count":1,"href":"https:\/\/www.caririemacao.com\/1\/wp-json\/wp\/v2\/posts\/78312\/revisions"}],"predecessor-version":[{"id":78352,"href":"https:\/\/www.caririemacao.com\/1\/wp-json\/wp\/v2\/posts\/78312\/revisions\/78352"}],"wp:featuredmedia":[{"embeddable":true,"href":"https:\/\/www.caririemacao.com\/1\/wp-json\/wp\/v2\/media\/5064"}],"wp:attachment":[{"href":"https:\/\/www.caririemacao.com\/1\/wp-json\/wp\/v2\/media?parent=78312"}],"wp:term":[{"taxonomy":"category","embeddable":true,"href":"https:\/\/www.caririemacao.com\/1\/wp-json\/wp\/v2\/categories?post=78312"},{"taxonomy":"post_tag","embeddable":true,"href":"https:\/\/www.caririemacao.com\/1\/wp-json\/wp\/v2\/tags?post=78312"}],"curies":[{"name":"wp","href":"https:\/\/api.w.org\/{rel}","templated":true}]}}