{"id":78319,"date":"2018-12-27T08:47:35","date_gmt":"2018-12-27T11:47:35","guid":{"rendered":"http:\/\/www.caririemacao.com\/1\/?p=78319"},"modified":"2018-12-27T08:47:35","modified_gmt":"2018-12-27T11:47:35","slug":"flamengo-anuncia-paulo-pelaipe-e-novo-gerente-de-futebol","status":"publish","type":"post","link":"https:\/\/www.caririemacao.com\/1\/2018\/12\/27\/flamengo-anuncia-paulo-pelaipe-e-novo-gerente-de-futebol\/","title":{"rendered":"Flamengo anuncia Paulo Pelaipe, e novo gerente de futebol"},"content":{"rendered":"<p>O Flamengo anunciou na manh\u00e3 desta quarta-feira a contrata\u00e7\u00e3o de Paulo Pelaipe. O dirigente ser\u00e1 o novo gerente de futebol em 2019. Ele trabalhou no clube entre 2013 e 2014, quando ajudou o clube a conquistar a Copa do Brasil (2013) e o Campeonato Carioca (2014).<\/p>\n<p>Paulo Pelaipe est\u00e1 no Rio de Janeiro, foi ao Ninho do Urubu nesta quarta-feira e j\u00e1 trabalha ao lado do vice de futebol Marcos Braz.<\/p>\n<p>Ap\u00f3s deixar o Flamengo em 2014, Pelaipe passou por Crici\u00fama, Vasco e Coritiba, seu \u00faltimo trabalho.<\/p>\n<p>Pelaipe vai trabalhar ao lado do vice de futebol Marcos Braz. Al\u00e9m dele, o diretor Carlos Noval e o CEO Bruno Spindel seguem na estrutura do futebol e est\u00e3o trabalhando para a contrata\u00e7\u00e3o de refor\u00e7os.<\/p>\n<p>H\u00e1 tamb\u00e9m um comit\u00ea gestor formado por cinco nomes. O grupo ter\u00e1 Luiz Eduardo Baptista, o BAP; Marcos Braz, j\u00e1 anunciado como vice de futebol; Dekko Roisman, F\u00e1bio Palmer e Diogo Lemos, todos membros de grupos pol\u00edticos da G\u00e1vea.<\/p>\n<p><strong>Globo Esporte<\/strong><\/p>\n","protected":false},"excerpt":{"rendered":"<p>O Flamengo anunciou na manh\u00e3 desta quarta-feira a contrata\u00e7\u00e3o de Paulo Pelaipe. O dirigente ser\u00e1 o novo gerente de futebol em 2019. Ele trabalhou no&hellip; <\/p>\n","protected":false},"author":1,"featured_media":78323,"comment_status":"closed","ping_status":"closed","sticky":false,"template":"","format":"standard","meta":{"sfsi_plus_gutenberg_text_before_share":"","sfsi_plus_gutenberg_show_text_before_share":"","sfsi_plus_gutenberg_icon_type":"","sfsi_plus_gutenberg_icon_alignemt":"","sfsi_plus_gutenburg_max_per_row":"","footnotes":""},"categories":[13],"tags":[],"class_list":["post-78319","post","type-post","status-publish","format-standard","has-post-thumbnail","hentry","category-esportes"],"_links":{"self":[{"href":"https:\/\/www.caririemacao.com\/1\/wp-json\/wp\/v2\/posts\/78319","targetHints":{"allow":["GET"]}}],"collection":[{"href":"https:\/\/www.caririemacao.com\/1\/wp-json\/wp\/v2\/posts"}],"about":[{"href":"https:\/\/www.caririemacao.com\/1\/wp-json\/wp\/v2\/types\/post"}],"author":[{"embeddable":true,"href":"https:\/\/www.caririemacao.com\/1\/wp-json\/wp\/v2\/users\/1"}],"replies":[{"embeddable":true,"href":"https:\/\/www.caririemacao.com\/1\/wp-json\/wp\/v2\/comments?post=78319"}],"version-history":[{"count":1,"href":"https:\/\/www.caririemacao.com\/1\/wp-json\/wp\/v2\/posts\/78319\/revisions"}],"predecessor-version":[{"id":78324,"href":"https:\/\/www.caririemacao.com\/1\/wp-json\/wp\/v2\/posts\/78319\/revisions\/78324"}],"wp:featuredmedia":[{"embeddable":true,"href":"https:\/\/www.caririemacao.com\/1\/wp-json\/wp\/v2\/media\/78323"}],"wp:attachment":[{"href":"https:\/\/www.caririemacao.com\/1\/wp-json\/wp\/v2\/media?parent=78319"}],"wp:term":[{"taxonomy":"category","embeddable":true,"href":"https:\/\/www.caririemacao.com\/1\/wp-json\/wp\/v2\/categories?post=78319"},{"taxonomy":"post_tag","embeddable":true,"href":"https:\/\/www.caririemacao.com\/1\/wp-json\/wp\/v2\/tags?post=78319"}],"curies":[{"name":"wp","href":"https:\/\/api.w.org\/{rel}","templated":true}]}}