{"id":78328,"date":"2018-12-27T09:17:00","date_gmt":"2018-12-27T12:17:00","guid":{"rendered":"http:\/\/www.caririemacao.com\/1\/?p=78328"},"modified":"2018-12-27T09:17:00","modified_gmt":"2018-12-27T12:17:00","slug":"esplanada-sera-fechada-a-partir-do-dia-29-para-preparativos-da-posse","status":"publish","type":"post","link":"https:\/\/www.caririemacao.com\/1\/2018\/12\/27\/esplanada-sera-fechada-a-partir-do-dia-29-para-preparativos-da-posse\/","title":{"rendered":"Esplanada ser\u00e1 fechada a partir do dia 29 para preparativos da posse"},"content":{"rendered":"<p>A Esplanada dos Minist\u00e9rios ser\u00e1 interditada para tr\u00e2nsito de ve\u00edculos, de 29 de dezembro at\u00e9 1\u00ba janeiro, devido aos preparativos da posse do presidente Jair Bolsonaro.<\/p>\n<p>No domingo (30), as vias paralelas \u00e0 Esplanada (N2 e S2) tamb\u00e9m ser\u00e3o interditadas, segundo a Secretaria de Pol\u00edcia do Senado. Nesse dia, ser\u00e1 realizado um ensaio geral da posse.<\/p>\n<p>No dia 1\u00ba, o acesso \u00e0 Esplanada ser\u00e1 poss\u00edvel a p\u00e9, apenas a partir da Rodovi\u00e1ria do Plano Piloto. Todas as pessoas ser\u00e3o revistadas pela Pol\u00edcia Militar do Distrito Federal. Quem estiver com mochila n\u00e3o poder\u00e1 ultrapassar a barreira montada pela seguran\u00e7a do evento.<\/p>\n<p>De acordo com a Pol\u00edcia do Senado, o gramado em frente ao Congresso Nacional ser\u00e1 parcialmente interditado at\u00e9 a Alameda das Bandeiras, pois ser\u00e3o colocados no local canh\u00f5es para a salva de tiros de canh\u00e3o que faz parte da cerim\u00f4nia oficial.<\/p>\n<p>Nesse trecho, apenas duas \u00e1reas laterais, na parte menos inclinada, poder\u00e3o ser ocupadas pela popula\u00e7\u00e3o.<\/p>\n<p><strong>Acesso<\/strong><\/p>\n<p>A partir do dia 30, o acesso ao Senado ser\u00e1 feito pela via N3, na entrada pr\u00f3xima \u00e0 Embaixada da Palestina. Nos dias 31 e 1\u00ba de janeiro, haver\u00e1 transporte entre a Rodovi\u00e1ria do Plano Piloto e o Senado para os colaboradores da Casa. Hor\u00e1rios e locais de embarque e desembarque ainda est\u00e3o sendo definidos.<\/p>\n<p>Nesses dias, somente os estacionamentos do Sistema Integrado de Sa\u00fade (SIS), Instituto Legislativo Brasileiro (ILB) e Secretaria de Comunica\u00e7\u00e3o Social (Secom) poder\u00e3o ser utilizados.<\/p>\n<p>Carros oficiais dos senadores em exerc\u00edcio, com chapa bronze, poder\u00e3o passar pelo bloqueio na Esplanada at\u00e9 as 14h do dia 1\u00ba de janeiro, dia da posse, para permitir o desembarque na Chapelaria do Congresso Nacional. Ve\u00edculos particulares, de aluguel, al\u00e9m de t\u00e1xi e Uber, n\u00e3o poder\u00e3o passar pelos bloqueios.<\/p>\n<p>No dia da posse presidencial, a entrada de servidores do Senado e jornalistas se dar\u00e1 exclusivamente pela portaria do Bloco B do Anexo 2, na via N2. Todos passar\u00e3o pelos controles de p\u00f3rticos detectores de metal e raios X, com exce\u00e7\u00e3o dos parlamentares em exerc\u00edcio.<\/p>\n","protected":false},"excerpt":{"rendered":"<p>A Esplanada dos Minist\u00e9rios ser\u00e1 interditada para tr\u00e2nsito de ve\u00edculos, de 29 de dezembro at\u00e9 1\u00ba janeiro, devido aos preparativos da posse do presidente Jair&hellip; <\/p>\n","protected":false},"author":1,"featured_media":6935,"comment_status":"closed","ping_status":"closed","sticky":false,"template":"","format":"standard","meta":{"sfsi_plus_gutenberg_text_before_share":"","sfsi_plus_gutenberg_show_text_before_share":"","sfsi_plus_gutenberg_icon_type":"","sfsi_plus_gutenberg_icon_alignemt":"","sfsi_plus_gutenburg_max_per_row":"","footnotes":""},"categories":[11],"tags":[],"class_list":["post-78328","post","type-post","status-publish","format-standard","has-post-thumbnail","hentry","category-politica"],"_links":{"self":[{"href":"https:\/\/www.caririemacao.com\/1\/wp-json\/wp\/v2\/posts\/78328","targetHints":{"allow":["GET"]}}],"collection":[{"href":"https:\/\/www.caririemacao.com\/1\/wp-json\/wp\/v2\/posts"}],"about":[{"href":"https:\/\/www.caririemacao.com\/1\/wp-json\/wp\/v2\/types\/post"}],"author":[{"embeddable":true,"href":"https:\/\/www.caririemacao.com\/1\/wp-json\/wp\/v2\/users\/1"}],"replies":[{"embeddable":true,"href":"https:\/\/www.caririemacao.com\/1\/wp-json\/wp\/v2\/comments?post=78328"}],"version-history":[{"count":1,"href":"https:\/\/www.caririemacao.com\/1\/wp-json\/wp\/v2\/posts\/78328\/revisions"}],"predecessor-version":[{"id":78329,"href":"https:\/\/www.caririemacao.com\/1\/wp-json\/wp\/v2\/posts\/78328\/revisions\/78329"}],"wp:featuredmedia":[{"embeddable":true,"href":"https:\/\/www.caririemacao.com\/1\/wp-json\/wp\/v2\/media\/6935"}],"wp:attachment":[{"href":"https:\/\/www.caririemacao.com\/1\/wp-json\/wp\/v2\/media?parent=78328"}],"wp:term":[{"taxonomy":"category","embeddable":true,"href":"https:\/\/www.caririemacao.com\/1\/wp-json\/wp\/v2\/categories?post=78328"},{"taxonomy":"post_tag","embeddable":true,"href":"https:\/\/www.caririemacao.com\/1\/wp-json\/wp\/v2\/tags?post=78328"}],"curies":[{"name":"wp","href":"https:\/\/api.w.org\/{rel}","templated":true}]}}