{"id":78332,"date":"2018-12-27T09:21:14","date_gmt":"2018-12-27T12:21:14","guid":{"rendered":"http:\/\/www.caririemacao.com\/1\/?p=78332"},"modified":"2018-12-27T09:21:14","modified_gmt":"2018-12-27T12:21:14","slug":"confira-a-programacao-da-solenidade-de-posse-de-joao-azevedo","status":"publish","type":"post","link":"https:\/\/www.caririemacao.com\/1\/2018\/12\/27\/confira-a-programacao-da-solenidade-de-posse-de-joao-azevedo\/","title":{"rendered":"Confira a programa\u00e7\u00e3o da solenidade de posse de Jo\u00e3o Azev\u00eado"},"content":{"rendered":"<p>A assessoria do governador eleito da Para\u00edba, Jo\u00e3o Azev\u00eado (PSB), divulgou a programa\u00e7\u00e3o detalhada da solenidade de posse que vai ocorrer no dia 1\u00ba de janeiro de 2019, ao convidar a imprensa para o credenciamento.<\/p>\n<div class=\"green-area t-left t-cont text-center\">\n<div class=\"anuncio\">\n<div id=\"div-gpt-ad-1493386374551-0\" data-google-query-id=\"CPCa5anuv98CFUJ2wQodYwMF8A\">\n<div id=\"google_ads_iframe_\/21685702823\/New_Sec_Conteudo_0__container__\">O evento, que come\u00e7a com uma celebra\u00e7\u00e3o ecum\u00eanica, acontecer\u00e1 em dois lugares: o Centro de Conven\u00e7\u00f5es de Jo\u00e3o Pessoa e o Pal\u00e1cio da Reden\u00e7\u00e3o. A celebra\u00e7\u00e3o ecum\u00eanica acontece \u00e0s 10h no Teatro Pedra do Reino, no Centro de Conven\u00e7\u00f5es; no mesmo lugar, ocorre a posse oficial de Jo\u00e3o Azev\u00eado, \u00e0s 15h; por fim, a transmiss\u00e3o de posse, ocasi\u00e3o que contar\u00e1 com o atual governador, Ricardo Coutinho, acontecer\u00e1 \u00e0s 17h, no Pal\u00e1cio da Reden\u00e7\u00e3o.<\/div>\n<\/div>\n<\/div>\n<\/div>\n<p>&nbsp;<\/p>\n<p><b>Programa\u00e7\u00e3o completa da posse:<\/b><\/p>\n<p><b>Evento: Celebra\u00e7\u00e3o ecum\u00eanica<\/b><\/p>\n<p>Local: Hall de entrada do Teatro Pedra do Reino \u2013 Centro de Conven\u00e7\u00f5es da Para\u00edba<\/p>\n<p>Hor\u00e1rio: 10h<\/p>\n<p><b>Posse no cargo de governador da Para\u00edba<\/b><\/p>\n<p>Local: Teatro Pedra do Reino \u2013 Centro de Conven\u00e7\u00f5es da Para\u00edba<\/p>\n<p>Hor\u00e1rio: 15h<\/p>\n<p><b>Transmiss\u00e3o de cargo<\/b><\/p>\n<p>Local: Em frente ao Pal\u00e1cio da Reden\u00e7\u00e3o<\/p>\n<p>Hor\u00e1rio: 17h<\/p>\n<p>&nbsp;<\/p>\n<p>PBAgora<\/p>\n","protected":false},"excerpt":{"rendered":"<p>A assessoria do governador eleito da Para\u00edba, Jo\u00e3o Azev\u00eado (PSB), divulgou a programa\u00e7\u00e3o detalhada da solenidade de posse que vai ocorrer no dia 1\u00ba de&hellip; <\/p>\n","protected":false},"author":1,"featured_media":73733,"comment_status":"closed","ping_status":"closed","sticky":false,"template":"","format":"standard","meta":{"sfsi_plus_gutenberg_text_before_share":"","sfsi_plus_gutenberg_show_text_before_share":"","sfsi_plus_gutenberg_icon_type":"","sfsi_plus_gutenberg_icon_alignemt":"","sfsi_plus_gutenburg_max_per_row":"","footnotes":""},"categories":[11],"tags":[],"class_list":["post-78332","post","type-post","status-publish","format-standard","has-post-thumbnail","hentry","category-politica"],"_links":{"self":[{"href":"https:\/\/www.caririemacao.com\/1\/wp-json\/wp\/v2\/posts\/78332","targetHints":{"allow":["GET"]}}],"collection":[{"href":"https:\/\/www.caririemacao.com\/1\/wp-json\/wp\/v2\/posts"}],"about":[{"href":"https:\/\/www.caririemacao.com\/1\/wp-json\/wp\/v2\/types\/post"}],"author":[{"embeddable":true,"href":"https:\/\/www.caririemacao.com\/1\/wp-json\/wp\/v2\/users\/1"}],"replies":[{"embeddable":true,"href":"https:\/\/www.caririemacao.com\/1\/wp-json\/wp\/v2\/comments?post=78332"}],"version-history":[{"count":1,"href":"https:\/\/www.caririemacao.com\/1\/wp-json\/wp\/v2\/posts\/78332\/revisions"}],"predecessor-version":[{"id":78333,"href":"https:\/\/www.caririemacao.com\/1\/wp-json\/wp\/v2\/posts\/78332\/revisions\/78333"}],"wp:featuredmedia":[{"embeddable":true,"href":"https:\/\/www.caririemacao.com\/1\/wp-json\/wp\/v2\/media\/73733"}],"wp:attachment":[{"href":"https:\/\/www.caririemacao.com\/1\/wp-json\/wp\/v2\/media?parent=78332"}],"wp:term":[{"taxonomy":"category","embeddable":true,"href":"https:\/\/www.caririemacao.com\/1\/wp-json\/wp\/v2\/categories?post=78332"},{"taxonomy":"post_tag","embeddable":true,"href":"https:\/\/www.caririemacao.com\/1\/wp-json\/wp\/v2\/tags?post=78332"}],"curies":[{"name":"wp","href":"https:\/\/api.w.org\/{rel}","templated":true}]}}