{"id":78341,"date":"2018-12-27T09:30:26","date_gmt":"2018-12-27T12:30:26","guid":{"rendered":"http:\/\/www.caririemacao.com\/1\/?p=78341"},"modified":"2018-12-27T09:30:26","modified_gmt":"2018-12-27T12:30:26","slug":"retrospectiva-2018-veja-fatos-que-marcaram-a-economia","status":"publish","type":"post","link":"https:\/\/www.caririemacao.com\/1\/2018\/12\/27\/retrospectiva-2018-veja-fatos-que-marcaram-a-economia\/","title":{"rendered":"Retrospectiva 2018: veja fatos que marcaram a economia"},"content":{"rendered":"<p>No ano de 2018, os brasileiros viram uma\u00a0recupera\u00e7\u00e3o, ainda lenta, da economia do pa\u00eds. Em maio, a greve dos caminhoneiros parou o pa\u00eds, afetando o desempenho da produ\u00e7\u00e3o e do PIB. Depois da paralisa\u00e7\u00e3o, o governo passou a subsidiar o pre\u00e7o do diesel, j\u00e1 o da gasolina continuou liberado.<\/p>\n<p>O d\u00f3lar e a Bolsa de Valores sofreram oscila\u00e7\u00f5es, motivadas por fatores internos e externos, como as elei\u00e7\u00f5es de outubro e a guerra comercial entre Estados Unidos e China.<\/p>\n<h2>Veja fatos marcantes da economia em 2018:<\/h2>\n<h2>Greve dos caminhoneiros<\/h2>\n<p>No fim<span id=\"OBJ_PREFIX_DWT1887_com_zimbra_date\" role=\"link\">\u00a0de maio<\/span>, o Brasil parou por dez dias na maior greve registrada em mais de 20 anos. Insatisfeitos com os aumentos di\u00e1rios no pre\u00e7o do diesel, os caminhoneiros cruzaram os bra\u00e7os e bloquearam rodovias em todo o pa\u00eds, provocando desabastecimento de alimentos e combust\u00edvel no pa\u00eds. Sucessivas reuni\u00f5es entre governo, associa\u00e7\u00f5es e entidades terminaram sem acordo. As estradas s\u00f3 foram liberadas depois que comboios do Ex\u00e9rcito, da Pol\u00edcia Rodovi\u00e1ria Federal, da For\u00e7a A\u00e9rea Brasileira e de policiais militares passaram a escoltar os caminh\u00f5es. Em troca, o governo introduziu a redu\u00e7\u00e3o de R$ 0,46 no litro do diesel, bancada por um subs\u00eddio.\u00a0Os dias de desabastecimento fizeram a economia retrair-se. Segundo o Minist\u00e9rio da Fazenda, a greve custou R$ 15 bilh\u00f5es, o equivalente a 0,2% do PIB.<\/p>\n<p>O governo tamb\u00e9m passou a tabelar os fretes rodovi\u00e1rios. Em dezembro, uma liminar do Supremo Tribunal Federal suspendeu a cobran\u00e7a de multa de quem descumprisse a tabela, mas a decis\u00e3o foi revertida dias depois.<\/p>\n<p>&nbsp;<\/p>\n<div class=\"dnd-widget-wrapper context-cheio_8colunas type-image\">\n<div class=\"dnd-atom-rendered\"><!-- scald=121108:cheio_8colunas --><\/p>\n<figure class=\"mejs-fotoh-wrapper\"><img decoding=\"async\" class=\"img-responsive full full lazyload\" title=\"(Thomaz Silva\/Ag\u00eancia Brasil)\" data-src=\"http:\/\/imagens.ebc.com.br\/qpaOh1q-Y_-O6mbc53Q1tS33Btg=\/754x0\/smart\/http:\/\/agenciabrasil.ebc.com.br\/sites\/default\/files\/thumbnails\/image\/caminhoneiros.jpg?itok=_PlYINRC\" alt=\"greve dos caminhoneiros\" src=\"data:image\/svg+xml;base64,PHN2ZyB3aWR0aD0iMSIgaGVpZ2h0PSIxIiB4bWxucz0iaHR0cDovL3d3dy53My5vcmcvMjAwMC9zdmciPjwvc3ZnPg==\" \/><\/figure>\n<p><!-- END scald=121108 --><\/div>\n<div class=\"dnd-caption-wrapper\">\n<div class=\"meta\">Greve dos caminhoneiros &#8211; <strong>Thomaz Silva\/Ag\u00eancia Brasil<\/strong><!--END copyright=121108--><\/div>\n<\/div>\n<\/div>\n<h2>\nPre\u00e7o da gasolina e sa\u00edda do presidente da Petrobras<\/h2>\n<p>Enquanto o governo passou a subsidiar o diesel, a gasolina continuou com o pre\u00e7o liberado. A greve dos caminhoneiros provocou a sa\u00edda de Pedro Parente da presid\u00eancia da Petrobras, que passou a ser comandada por Ivan Monteiro. Em setembro, a estatal, que det\u00e9m o monop\u00f3lio do refino no pa\u00eds, anunciou uma mudan\u00e7a na pol\u00edtica de pre\u00e7os e passou a revisar o pre\u00e7o da gasolina nas refinarias a cada 15 dias, em substitui\u00e7\u00e3o aos ajustes di\u00e1rios. No fim<span id=\"OBJ_PREFIX_DWT1895_com_zimbra_date\" role=\"link\">\u00a0de setembro<\/span>, a cota\u00e7\u00e3o internacional do petr\u00f3leo come\u00e7ou a cair, mas o recuo n\u00e3o est\u00e1 sendo repassado integralmente aos consumidores.<\/p>\n<p>&nbsp;<\/p>\n<div class=\"dnd-widget-wrapper context-cheio_8colunas type-image\">\n<div class=\"dnd-atom-rendered\"><!-- scald=115264:cheio_8colunas --><\/p>\n<figure class=\"mejs-fotoh-wrapper\"><img decoding=\"async\" class=\"img-responsive full full lazyload\" title=\"T\u00e2nia R\u00eago\/Ag\u00eancia Brasil\" data-src=\"http:\/\/imagens.ebc.com.br\/LEovS7TOP6f5KF1T-l7TtknbV9Q=\/754x0\/smart\/http:\/\/agenciabrasil.ebc.com.br\/sites\/default\/files\/thumbnails\/image\/tnrgo_edit_28051807952.jpg?itok=UXheCAr6\" alt=\"Posto de combustIvel, em S\u00e3o Crist\u00f3v\u00e3o, na zona norte da cidade, recebe gasolina e volta a abastecer,  gerando enormes filas de carros e motos.\" src=\"data:image\/svg+xml;base64,PHN2ZyB3aWR0aD0iMSIgaGVpZ2h0PSIxIiB4bWxucz0iaHR0cDovL3d3dy53My5vcmcvMjAwMC9zdmciPjwvc3ZnPg==\" \/><\/figure>\n<p><!-- END scald=115264 --><\/div>\n<div class=\"dnd-caption-wrapper\">\n<div class=\"meta\"><!--copyright=115264-->Posto de combustIvel, em S\u00e3o Crist\u00f3v\u00e3o, na zona norte do Rio de Janeiro\u00a0&#8211; <strong>T\u00e2nia R\u00eago\/Ag\u00eancia Brasil<\/strong><!--END copyright=115264--><\/div>\n<\/div>\n<\/div>\n<h2>PIB<\/h2>\n<p>Apesar de\u00a0<span id=\"OBJ_PREFIX_DWT1922_com_zimbra_date\" role=\"link\">ter<\/span>\u00a0travado o pa\u00eds no fim<span id=\"OBJ_PREFIX_DWT1897_com_zimbra_date\" role=\"link\">\u00a0de maio<\/span>, a greve dos caminhoneiros n\u00e3o foi a \u00fanica respons\u00e1vel pela lentid\u00e3o na recupera\u00e7\u00e3o econ\u00f4mica. As incertezas externas provocadas pela guerra comercial entre Estados Unidos e China, pela emerg\u00eancia de uma coaliz\u00e3o euroc\u00e9tica na It\u00e1lia, o vaiv\u00e9m da sa\u00edda do Reino Unido da Uni\u00e3o Europeia e a tens\u00e3o do processo eleitoral no Brasil derrubaram ainda mais as estimativas para o PIB. Inicialmente, a previs\u00e3o de crescimento caiu para 1,6%. Nas \u00faltimas semanas do ano, o Banco Central reduziu ainda mais a proje\u00e7\u00e3o, para 1,3%, apenas metade do PIB inicialmente estimado para o ano.<\/p>\n<div class=\"dnd-widget-wrapper context-cheio_8colunas type-image\">\n<div class=\"dnd-atom-rendered\"><!-- scald=117908:cheio_8colunas --><\/p>\n<figure class=\"mejs-fotoh-wrapper\"><img decoding=\"async\" class=\"img-responsive full full lazyload\" title=\"Tony Oliveira\/CNA\/Direitos Reservados\" data-src=\"http:\/\/imagens.ebc.com.br\/eEAxLwWVvgvnbWB90PEN6QLVJOs=\/754x0\/smart\/http:\/\/agenciabrasil.ebc.com.br\/sites\/default\/files\/thumbnails\/image\/soja_goias_5foto_tony_oliveira_cna_direitos_reservados.jpg?itok=eO4gBGC0\" alt=\"Soja Goi\u00e1s Agroneg\u00f3cio \" src=\"data:image\/svg+xml;base64,PHN2ZyB3aWR0aD0iMSIgaGVpZ2h0PSIxIiB4bWxucz0iaHR0cDovL3d3dy53My5vcmcvMjAwMC9zdmciPjwvc3ZnPg==\" \/><\/figure>\n<p><!-- END scald=117908 --><\/div>\n<div class=\"dnd-caption-wrapper\">\n<div class=\"meta\">Produ\u00e7\u00e3o de soja\u00a0&#8211;<strong> Arquivo\/Tony Oliveira\/CNA\/Direitos Reservados<\/strong><!--END copyright=117908--><\/div>\n<\/div>\n<\/div>\n<p>&nbsp;<\/p>\n<h2>Avia\u00e7\u00e3o<\/h2>\n<p>O ano tamb\u00e9m foi complicado para a avia\u00e7\u00e3o brasileira. Pressionada pela alta do d\u00f3lar e sem dinheiro para pagar o <em>leasing<\/em> (aluguel) de avi\u00f5es, a companhia a\u00e9rea Avianca entrou com pedido de recupera\u00e7\u00e3o judicial. Em rea\u00e7\u00e3o ao cen\u00e1rio, o governo editou uma medida provis\u00f3ria liberando 100% de capital estrangeiro nas empresas a\u00e9reas que operam no pa\u00eds. At\u00e9 agora, os estrangeiros podiam deter at\u00e9 20% do capital de uma companhia a\u00e9rea nacional.<\/p>\n<div class=\"dnd-widget-wrapper context-cheio_8colunas type-image\">\n<div class=\"dnd-atom-rendered\"><!-- scald=112009:cheio_8colunas --><\/p>\n<figure class=\"mejs-fotoh-wrapper\"><img decoding=\"async\" class=\"img-responsive full full lazyload\" title=\"T\u00e2nia R\u00eago\" data-src=\"http:\/\/imagens.ebc.com.br\/wOcLom9ucbcD0oAXW8dVEXGgiz8=\/754x0\/smart\/http:\/\/agenciabrasil.ebc.com.br\/sites\/default\/files\/atoms\/image\/941530-aeroporto__tng1734.jpg?itok=RjmnPV1k\" alt=\" Movimenta\u00e7\u00e3o no Aeroporto Santos Dumont na antev\u00e9spera de Natal.(T\u00e2nia Reg\u00f4\/Ag\u00eancia Brasil)\" src=\"data:image\/svg+xml;base64,PHN2ZyB3aWR0aD0iMSIgaGVpZ2h0PSIxIiB4bWxucz0iaHR0cDovL3d3dy53My5vcmcvMjAwMC9zdmciPjwvc3ZnPg==\" \/><\/figure>\n<p><!-- END scald=112009 --><\/div>\n<div class=\"dnd-caption-wrapper\">\n<div class=\"meta\">Aeroporto Santos Dumont na antev\u00e9spera de Natal &#8211; <strong>Arquivo\/T\u00e2nia R\u00eago<\/strong><!--END copyright=112009--><\/div>\n<\/div>\n<\/div>\n<h2>D\u00f3lar<\/h2>\n<p>O mercado de a\u00e7\u00f5es e de c\u00e2mbio passou por fortes oscila\u00e7\u00f5es ao longo deste ano, tanto por influ\u00eancias internas como externas. No exterior, a disputa comercial entre China e Estados Unidos e a pol\u00edtica monet\u00e1ria americana levou \u00e0 valoriza\u00e7\u00e3o do d\u00f3lar em rela\u00e7\u00e3o a moedas de pa\u00edses emergentes. Com a alta da taxa de juros nos Estados Unidos, investidores com capital aplicado em pa\u00edses emergentes, como o Brasil, podem preferir tirar recurso do pa\u00eds e investir em t\u00edtulos do Tesouro americano, considerados os pap\u00e9is mais seguros do mundo. Com menos d\u00f3lares no mercado, o pre\u00e7o da moeda subiu. No \u00faltimo dia 19, o Federal Reserve (Fed), Banco Central dos Estados Unidos, elevou os juros pela\u00a0quarta\u00a0vez, neste ano &#8211; que passou\u00a0para a faixa entre 2,25% e 2,5%, maior patamar desde o in\u00edcio de 2008.<\/p>\n<p>Internamente, a cota\u00e7\u00e3o da moeda foi afetada pelas elei\u00e7\u00f5es de outubro. O pico da alta do d\u00f3lar ocorreu em meados\u00a0de setembro, quando chegou a R$ 4,19, <a target=\"_blank\">o patamar mais alto<\/a> desde o in\u00edcio do Plano Real. Ap\u00f3s a defini\u00e7\u00e3o das elei\u00e7\u00f5es, a cota\u00e7\u00e3o caiu, chegando a R$ 3,64 durante o dia\u00a029 de outubro. Entretanto, com as altas dos juros americanos, o d\u00f3lar voltou a subir e chegou a R$ 3,90, no in\u00edcio\u00a0de dezembro\u00a0deste ano.<\/p>\n<div class=\"dnd-widget-wrapper context-cheio_8colunas type-image\">\n<div class=\"dnd-atom-rendered\"><!-- scald=422:cheio_8colunas --><\/p>\n<figure class=\"mejs-fotoh-wrapper\"><img decoding=\"async\" class=\"img-responsive full full lazyload\" title=\"Marcello Casal Jr.\/Ag\u00eancia Brasil\" data-src=\"http:\/\/imagens.ebc.com.br\/UOycJ9TwRHAeu4t8it2uch119wc=\/754x0\/smart\/http:\/\/agenciabrasil.ebc.com.br\/sites\/default\/files\/atoms\/image\/dolar_6.jpg?itok=nDQZiqjj\" alt=\"d\u00f3lares\" src=\"data:image\/svg+xml;base64,PHN2ZyB3aWR0aD0iMSIgaGVpZ2h0PSIxIiB4bWxucz0iaHR0cDovL3d3dy53My5vcmcvMjAwMC9zdmciPjwvc3ZnPg==\" \/><\/figure>\n<p><!-- END scald=422 --><\/div>\n<div class=\"dnd-caption-wrapper\">\n<div class=\"meta\">D\u00f3lar oscilou no decorrer de 2018\u00a0&#8211; <strong>Marcello Casal Jr.\/Ag\u00eancia Brasil<\/strong><!--END copyright=422--><\/div>\n<\/div>\n<\/div>\n<h2>Bolsa de Valores<\/h2>\n<p>Os efeitos externos e internos tamb\u00e9m afetaram o principal \u00edndice do mercado de a\u00e7\u00f5es no Brasil, o Ibovespa. No dia\u00a018 de junho, o Ibovespa fechou em baixa de 1,33% com 69.814 pontos, marca abaixo dos 70 mil pontos n\u00e3o registrada desde agosto de 2017. Esse foi o menor patamar registrado neste ano. Ap\u00f3s as elei\u00e7\u00f5es, no dia\u00a029 de outubro, o Ibovespa registrou 83.796 pontos e fechou o m\u00eas, no dia 31, em 87.423. Em 11 meses deste ano, o Ibovespa acumula valoriza\u00e7\u00e3o de 17,15%, fechando novembro cotado em 89.504 pontos.<\/p>\n<h2>Infla\u00e7\u00e3o\u00a0e\u00a0Taxa de Juros<\/h2>\n<p>Com infla\u00e7\u00e3o mais baixa e economia em recupera\u00e7\u00e3o gradual, a taxa b\u00e1sica de juros, a Selic, chegou a seu menor n\u00edvel hist\u00f3rico em 2018. O ciclo de cortes na Selic at\u00e9 chegar aos atuais 6,5% ao ano come\u00e7ou em outubro de 2016, quando a taxa caiu 0,25 ponto percentual para 14% ao ano. Esse processo durou at\u00e9 mar\u00e7o deste ano, quando a Selic chegou ao seu m\u00ednimo hist\u00f3rico. Nas reuni\u00f5es seis reuni\u00f5es seguintes, o Banco Central optou por manter a Selic em 6,5% ao ano.<\/p>\n<p>Ao longo deste ano, a infla\u00e7\u00e3o sofreu press\u00e3o nos pre\u00e7os dos combust\u00edveis e de energia. Entretanto, ao final do ano, com as redu\u00e7\u00f5es na cota\u00e7\u00e3o do d\u00f3lar em rela\u00e7\u00e3o ao per\u00edodo das elei\u00e7\u00f5es e do petr\u00f3leo, os pre\u00e7os da gasolina e do botij\u00e3o de g\u00e1s ca\u00edram. Com isso, o BC passou a prever infla\u00e7\u00e3o menor do que a esperada anteriormente. Outro fator que contribui para reduzir as previs\u00f5es da infla\u00e7\u00e3o s\u00e3o as mudan\u00e7as das bandeiras tarif\u00e1rias da energia el\u00e9trica.<\/p>\n<p>O IPCA acumula alta de 4,05% nos 12 meses terminados em novembro, abaixo do centro da meta de infla\u00e7\u00e3o, que \u00e9 de 4,5%. Essa meta tem limite inferior de 3% e superior de 6%. Para 2019, a meta \u00e9 4,25% com intervalo de toler\u00e2ncia entre 2,75% e 5,75%. Para o BC, a infla\u00e7\u00e3o deve fechar este ano em 3,7%.<\/p>\n","protected":false},"excerpt":{"rendered":"<p>No ano de 2018, os brasileiros viram uma\u00a0recupera\u00e7\u00e3o, ainda lenta, da economia do pa\u00eds. Em maio, a greve dos caminhoneiros parou o pa\u00eds, afetando o&hellip; <\/p>\n","protected":false},"author":1,"featured_media":51846,"comment_status":"closed","ping_status":"closed","sticky":false,"template":"","format":"standard","meta":{"sfsi_plus_gutenberg_text_before_share":"","sfsi_plus_gutenberg_show_text_before_share":"","sfsi_plus_gutenberg_icon_type":"","sfsi_plus_gutenberg_icon_alignemt":"","sfsi_plus_gutenburg_max_per_row":"","footnotes":""},"categories":[50,2],"tags":[],"class_list":["post-78341","post","type-post","status-publish","format-standard","has-post-thumbnail","hentry","category-destaque","category-geral"],"_links":{"self":[{"href":"https:\/\/www.caririemacao.com\/1\/wp-json\/wp\/v2\/posts\/78341","targetHints":{"allow":["GET"]}}],"collection":[{"href":"https:\/\/www.caririemacao.com\/1\/wp-json\/wp\/v2\/posts"}],"about":[{"href":"https:\/\/www.caririemacao.com\/1\/wp-json\/wp\/v2\/types\/post"}],"author":[{"embeddable":true,"href":"https:\/\/www.caririemacao.com\/1\/wp-json\/wp\/v2\/users\/1"}],"replies":[{"embeddable":true,"href":"https:\/\/www.caririemacao.com\/1\/wp-json\/wp\/v2\/comments?post=78341"}],"version-history":[{"count":1,"href":"https:\/\/www.caririemacao.com\/1\/wp-json\/wp\/v2\/posts\/78341\/revisions"}],"predecessor-version":[{"id":78351,"href":"https:\/\/www.caririemacao.com\/1\/wp-json\/wp\/v2\/posts\/78341\/revisions\/78351"}],"wp:featuredmedia":[{"embeddable":true,"href":"https:\/\/www.caririemacao.com\/1\/wp-json\/wp\/v2\/media\/51846"}],"wp:attachment":[{"href":"https:\/\/www.caririemacao.com\/1\/wp-json\/wp\/v2\/media?parent=78341"}],"wp:term":[{"taxonomy":"category","embeddable":true,"href":"https:\/\/www.caririemacao.com\/1\/wp-json\/wp\/v2\/categories?post=78341"},{"taxonomy":"post_tag","embeddable":true,"href":"https:\/\/www.caririemacao.com\/1\/wp-json\/wp\/v2\/tags?post=78341"}],"curies":[{"name":"wp","href":"https:\/\/api.w.org\/{rel}","templated":true}]}}