{"id":78363,"date":"2018-12-27T09:53:39","date_gmt":"2018-12-27T12:53:39","guid":{"rendered":"http:\/\/www.caririemacao.com\/1\/?p=78363"},"modified":"2018-12-27T09:53:39","modified_gmt":"2018-12-27T12:53:39","slug":"a-partir-de-janeiro-de-2019-universidade-tera-cotas-para-transexuais-e-refugiados","status":"publish","type":"post","link":"https:\/\/www.caririemacao.com\/1\/2018\/12\/27\/a-partir-de-janeiro-de-2019-universidade-tera-cotas-para-transexuais-e-refugiados\/","title":{"rendered":"A partir de janeiro de 2019, Universidade ter\u00e1 cotas para transexuais e refugiados"},"content":{"rendered":"<p>A Universidade Federal da Bahia (Ufba) ter\u00e1, a partir de janeiro de 2019, cotas para transexuais, transg\u00eaneros, travestis e refugiados ou imigrantes em situa\u00e7\u00e3o de vulnerabilidade social. A institui\u00e7\u00e3o j\u00e1 possui vagas diferenciadas para quilombolas e \u00edndios aldeados.<\/p>\n<p>A decis\u00e3o foi aprovada na \u00faltima quarta-feira (19), em reuni\u00e3o do Conselho Acad\u00eamico de Ensino da Ufba, por meio da Resolu\u00e7\u00e3o 07\/2018.<\/p>\n<p>\u201cJ\u00e1 t\u00ednhamos vagas para o p\u00fablico trans na p\u00f3s-gradua\u00e7\u00e3o, onde temos 123 cursos, e agora estamos ampliando para pessoas trans e refugiados na gradua\u00e7\u00e3o\u201d, afirmou o professor Penildon Silva Filho, pr\u00f3-reitor de Ensino de Gradua\u00e7\u00e3o da Ufba, em entrevista ao Correio.<\/p>\n<p>Anualmente, s\u00e3o oferecidas 5.974 vagas na universidade, metade reservada para alunos de escola p\u00fablica, com renda abaixo de um sal\u00e1rio m\u00ednimo e meio, deficientes e que se declarem ind\u00edgenas, pretos ou pardos. Para o p\u00fablico trans, \u00edndios aldeados, refugiados e quilombolas ser\u00e3o oferecidas uma vaga a mais nas sele\u00e7\u00f5es de cada curso, o que totaliza mais 352 vagas por ano.<\/p>\n<p>De acordo com a resolu\u00e7\u00e3o aprovada, \u201ca reserva de vagas ser\u00e1 aplicada na sele\u00e7\u00e3o para os dois semestres, quando pertinente, e nas eventuais chamadas subsequentes \u00e0 matr\u00edcula dos candidatos convocados em primeira chamada, nos casos em que, por qualquer motivo, essa matr\u00edcula n\u00e3o tenha se efetivado\u201d.<\/p>\n<p><em>Bahia Not\u00edcia<\/em><\/p>\n","protected":false},"excerpt":{"rendered":"<p>A Universidade Federal da Bahia (Ufba) ter\u00e1, a partir de janeiro de 2019, cotas para transexuais, transg\u00eaneros, travestis e refugiados ou imigrantes em situa\u00e7\u00e3o de&hellip; <\/p>\n","protected":false},"author":1,"featured_media":78364,"comment_status":"closed","ping_status":"closed","sticky":false,"template":"","format":"standard","meta":{"sfsi_plus_gutenberg_text_before_share":"","sfsi_plus_gutenberg_show_text_before_share":"","sfsi_plus_gutenberg_icon_type":"","sfsi_plus_gutenberg_icon_alignemt":"","sfsi_plus_gutenburg_max_per_row":"","footnotes":""},"categories":[14],"tags":[],"class_list":["post-78363","post","type-post","status-publish","format-standard","has-post-thumbnail","hentry","category-educacao"],"_links":{"self":[{"href":"https:\/\/www.caririemacao.com\/1\/wp-json\/wp\/v2\/posts\/78363","targetHints":{"allow":["GET"]}}],"collection":[{"href":"https:\/\/www.caririemacao.com\/1\/wp-json\/wp\/v2\/posts"}],"about":[{"href":"https:\/\/www.caririemacao.com\/1\/wp-json\/wp\/v2\/types\/post"}],"author":[{"embeddable":true,"href":"https:\/\/www.caririemacao.com\/1\/wp-json\/wp\/v2\/users\/1"}],"replies":[{"embeddable":true,"href":"https:\/\/www.caririemacao.com\/1\/wp-json\/wp\/v2\/comments?post=78363"}],"version-history":[{"count":1,"href":"https:\/\/www.caririemacao.com\/1\/wp-json\/wp\/v2\/posts\/78363\/revisions"}],"predecessor-version":[{"id":78365,"href":"https:\/\/www.caririemacao.com\/1\/wp-json\/wp\/v2\/posts\/78363\/revisions\/78365"}],"wp:featuredmedia":[{"embeddable":true,"href":"https:\/\/www.caririemacao.com\/1\/wp-json\/wp\/v2\/media\/78364"}],"wp:attachment":[{"href":"https:\/\/www.caririemacao.com\/1\/wp-json\/wp\/v2\/media?parent=78363"}],"wp:term":[{"taxonomy":"category","embeddable":true,"href":"https:\/\/www.caririemacao.com\/1\/wp-json\/wp\/v2\/categories?post=78363"},{"taxonomy":"post_tag","embeddable":true,"href":"https:\/\/www.caririemacao.com\/1\/wp-json\/wp\/v2\/tags?post=78363"}],"curies":[{"name":"wp","href":"https:\/\/api.w.org\/{rel}","templated":true}]}}