{"id":78366,"date":"2018-12-27T10:00:41","date_gmt":"2018-12-27T13:00:41","guid":{"rendered":"http:\/\/www.caririemacao.com\/1\/?p=78366"},"modified":"2018-12-27T10:00:41","modified_gmt":"2018-12-27T13:00:41","slug":"bandidos-invadem-escola-publica-e-roubam-cerca-de-r-10-mil-em-equipamentos","status":"publish","type":"post","link":"https:\/\/www.caririemacao.com\/1\/2018\/12\/27\/bandidos-invadem-escola-publica-e-roubam-cerca-de-r-10-mil-em-equipamentos\/","title":{"rendered":"Bandidos invadem escola p\u00fablica e roubam cerca de R$ 10 mil em equipamentos"},"content":{"rendered":"<p>Bandidos invadiram uma escola p\u00fablica e roubaram cerca de R$ 10 mil em equipamentos, no munic\u00edpio de Bayeux. De acordo com informa\u00e7\u00f5es da PM, a invas\u00e3o pode ter acontecido entre o s\u00e1bado (22) e a quarta-feira (26), na\u00a0Escola Pascoal Massilo, no bairro da Imaculada.<\/p>\n<figure><\/figure>\n<p>De acordo com o boletim de ocorr\u00eancia fornecida exclusivamente para o Portal Click PB, a invas\u00e3o s\u00f3 foi percebida na manh\u00e3 de ontem (26), quando o vigilante Jo\u00e3o Jos\u00e9 chegou a escola.<\/p>\n<figure><img decoding=\"async\" data-src=\"https:\/\/www.clickpb.com.br\/media\/filer_public\/75\/c8\/75c8b1e3-92aa-4ab6-9a05-a3988eb74144\/whatsapp_image_2018-12-27_at_082950.jpeg\" data-image=\"109361\" src=\"data:image\/svg+xml;base64,PHN2ZyB3aWR0aD0iMSIgaGVpZ2h0PSIxIiB4bWxucz0iaHR0cDovL3d3dy53My5vcmcvMjAwMC9zdmciPjwvc3ZnPg==\" class=\"lazyload\" \/><\/figure>\n<p>A dire\u00e7\u00e3o da escola informou que foram roubados 17 monitores, duas TVs, um ar-condicionado, uma impressora, cinco trompetes e tr\u00eas estabilizadores para computador.<\/p>\n<figure><\/figure>\n<p>At\u00e9 o momento a PM n\u00e3o sabe informar quantas pessoas participaram do crime, pois a escola n\u00e3o possui c\u00e2meras de seguran\u00e7a.<\/p>\n<figure><\/figure>\n<p>&nbsp;<\/p>\n<p>ClickPB<\/p>\n","protected":false},"excerpt":{"rendered":"<p>Bandidos invadiram uma escola p\u00fablica e roubaram cerca de R$ 10 mil em equipamentos, no munic\u00edpio de Bayeux. De acordo com informa\u00e7\u00f5es da PM, a&hellip; <\/p>\n","protected":false},"author":1,"featured_media":78367,"comment_status":"closed","ping_status":"closed","sticky":false,"template":"","format":"standard","meta":{"sfsi_plus_gutenberg_text_before_share":"","sfsi_plus_gutenberg_show_text_before_share":"","sfsi_plus_gutenberg_icon_type":"","sfsi_plus_gutenberg_icon_alignemt":"","sfsi_plus_gutenburg_max_per_row":"","footnotes":""},"categories":[12],"tags":[],"class_list":["post-78366","post","type-post","status-publish","format-standard","has-post-thumbnail","hentry","category-policia"],"_links":{"self":[{"href":"https:\/\/www.caririemacao.com\/1\/wp-json\/wp\/v2\/posts\/78366","targetHints":{"allow":["GET"]}}],"collection":[{"href":"https:\/\/www.caririemacao.com\/1\/wp-json\/wp\/v2\/posts"}],"about":[{"href":"https:\/\/www.caririemacao.com\/1\/wp-json\/wp\/v2\/types\/post"}],"author":[{"embeddable":true,"href":"https:\/\/www.caririemacao.com\/1\/wp-json\/wp\/v2\/users\/1"}],"replies":[{"embeddable":true,"href":"https:\/\/www.caririemacao.com\/1\/wp-json\/wp\/v2\/comments?post=78366"}],"version-history":[{"count":1,"href":"https:\/\/www.caririemacao.com\/1\/wp-json\/wp\/v2\/posts\/78366\/revisions"}],"predecessor-version":[{"id":78368,"href":"https:\/\/www.caririemacao.com\/1\/wp-json\/wp\/v2\/posts\/78366\/revisions\/78368"}],"wp:featuredmedia":[{"embeddable":true,"href":"https:\/\/www.caririemacao.com\/1\/wp-json\/wp\/v2\/media\/78367"}],"wp:attachment":[{"href":"https:\/\/www.caririemacao.com\/1\/wp-json\/wp\/v2\/media?parent=78366"}],"wp:term":[{"taxonomy":"category","embeddable":true,"href":"https:\/\/www.caririemacao.com\/1\/wp-json\/wp\/v2\/categories?post=78366"},{"taxonomy":"post_tag","embeddable":true,"href":"https:\/\/www.caririemacao.com\/1\/wp-json\/wp\/v2\/tags?post=78366"}],"curies":[{"name":"wp","href":"https:\/\/api.w.org\/{rel}","templated":true}]}}