{"id":78372,"date":"2018-12-27T12:16:54","date_gmt":"2018-12-27T15:16:54","guid":{"rendered":"http:\/\/www.caririemacao.com\/1\/?p=78372"},"modified":"2018-12-27T12:16:54","modified_gmt":"2018-12-27T15:16:54","slug":"cajo-menezes-assumira-presidencia-da-camara-de-monteiro-na-proxima-terca-feira","status":"publish","type":"post","link":"https:\/\/www.caririemacao.com\/1\/2018\/12\/27\/cajo-menezes-assumira-presidencia-da-camara-de-monteiro-na-proxima-terca-feira\/","title":{"rendered":"Caj\u00f3 Menezes assumir\u00e1 presid\u00eancia da C\u00e2mara de Monteiro na pr\u00f3xima ter\u00e7a-feira"},"content":{"rendered":"<p>O vereador Caj\u00f3 Menezes (PSDB), assume a presid\u00eancia da C\u00e2mara Municipal de Monteiro na pr\u00f3xima ter\u00e7a-feira, dia 1\u00b0 de janeiro, em solenidade no plen\u00e1rio da C\u00e2mara. O hor\u00e1rio ainda n\u00e3o foi definido.Al\u00e9m de Caj\u00f3, a nova mesa diretora para o bi\u00eanio 2019\/2020, tem como vice-presidente, Lito de Dona Socorro, 1\u00b0 secret\u00e1rio Raul Formiga, e 2\u00b0 Secret\u00e1rio, H\u00e9lio Sandro.<\/p>\n<p>Filho do ex-prefeito de Monteiro, Jorge Rafael de Menezes, Caj\u00f3 j\u00e1 exerceu importantes cargos no munic\u00edpio, como a ger\u00eancia do 5\u00b0 N\u00facleo Regional de Sa\u00fade e foi vice-prefeito entre os anos de 2013 e 2016. Atualmente est\u00e1 exercendo o primeiro mandato de vereador.<\/p>\n","protected":false},"excerpt":{"rendered":"<p>O vereador Caj\u00f3 Menezes (PSDB), assume a presid\u00eancia da C\u00e2mara Municipal de Monteiro na pr\u00f3xima ter\u00e7a-feira, dia 1\u00b0 de janeiro, em solenidade no plen\u00e1rio da&hellip; <\/p>\n","protected":false},"author":1,"featured_media":78373,"comment_status":"closed","ping_status":"closed","sticky":false,"template":"","format":"standard","meta":{"sfsi_plus_gutenberg_text_before_share":"","sfsi_plus_gutenberg_show_text_before_share":"","sfsi_plus_gutenberg_icon_type":"","sfsi_plus_gutenberg_icon_alignemt":"","sfsi_plus_gutenburg_max_per_row":"","footnotes":""},"categories":[11],"tags":[],"class_list":["post-78372","post","type-post","status-publish","format-standard","has-post-thumbnail","hentry","category-politica"],"_links":{"self":[{"href":"https:\/\/www.caririemacao.com\/1\/wp-json\/wp\/v2\/posts\/78372","targetHints":{"allow":["GET"]}}],"collection":[{"href":"https:\/\/www.caririemacao.com\/1\/wp-json\/wp\/v2\/posts"}],"about":[{"href":"https:\/\/www.caririemacao.com\/1\/wp-json\/wp\/v2\/types\/post"}],"author":[{"embeddable":true,"href":"https:\/\/www.caririemacao.com\/1\/wp-json\/wp\/v2\/users\/1"}],"replies":[{"embeddable":true,"href":"https:\/\/www.caririemacao.com\/1\/wp-json\/wp\/v2\/comments?post=78372"}],"version-history":[{"count":1,"href":"https:\/\/www.caririemacao.com\/1\/wp-json\/wp\/v2\/posts\/78372\/revisions"}],"predecessor-version":[{"id":78374,"href":"https:\/\/www.caririemacao.com\/1\/wp-json\/wp\/v2\/posts\/78372\/revisions\/78374"}],"wp:featuredmedia":[{"embeddable":true,"href":"https:\/\/www.caririemacao.com\/1\/wp-json\/wp\/v2\/media\/78373"}],"wp:attachment":[{"href":"https:\/\/www.caririemacao.com\/1\/wp-json\/wp\/v2\/media?parent=78372"}],"wp:term":[{"taxonomy":"category","embeddable":true,"href":"https:\/\/www.caririemacao.com\/1\/wp-json\/wp\/v2\/categories?post=78372"},{"taxonomy":"post_tag","embeddable":true,"href":"https:\/\/www.caririemacao.com\/1\/wp-json\/wp\/v2\/tags?post=78372"}],"curies":[{"name":"wp","href":"https:\/\/api.w.org\/{rel}","templated":true}]}}