{"id":78375,"date":"2018-12-27T12:19:25","date_gmt":"2018-12-27T15:19:25","guid":{"rendered":"http:\/\/www.caririemacao.com\/1\/?p=78375"},"modified":"2018-12-27T12:19:25","modified_gmt":"2018-12-27T15:19:25","slug":"hospital-regional-de-monteiro-realiza-mais-de-46-mil-atendimentos-em-2018","status":"publish","type":"post","link":"https:\/\/www.caririemacao.com\/1\/2018\/12\/27\/hospital-regional-de-monteiro-realiza-mais-de-46-mil-atendimentos-em-2018\/","title":{"rendered":"Hospital Regional de Monteiro realiza mais de 46 mil atendimentos em 2018"},"content":{"rendered":"<p>O Hospital e Maternidade Regional Santa Filomena, no munic\u00edpio de Monteiro, que integra a rede hospitalar do Governo do Estado, j\u00e1 realizou 46.369 atendimentos e 712 cirurgias entre janeiro e novembro de 2018, entre cirurgias eletivas, atendimentos em urg\u00eancia e emerg\u00eancia e atendimentos ambulatoriais.<\/p>\n<div dir=\"ltr\"><\/div>\n<div dir=\"ltr\">Em 2017, no mesmo per\u00edodo, foram realizados 41.574 atendimentos e 722 cirurgias. Nos primeiros 11 meses de 2018 foram realizadas 1046 interna\u00e7\u00f5es, enquanto em 2017, no mesmo per\u00edodo, 898 interna\u00e7\u00f5es.<\/div>\n<div dir=\"ltr\"><\/div>\n<div dir=\"ltr\">O diretor geral da unidade de sa\u00fade, Dr. C\u00e9lio de Carli, ressaltou que os n\u00fameros mostram o compromisso da equipe multidisciplinar do Hospital Regional Santa Filomena e de todo o pessoal do administrativo, que tamb\u00e9m n\u00e3o mede esfor\u00e7o para solu\u00e7\u00e3o dos problemas que surgem e na luta di\u00e1ria para melhoria da sa\u00fade de Monteiro e regi\u00e3o.<\/div>\n<div dir=\"ltr\"><\/div>\n<div dir=\"ltr\">Desde o in\u00edcio da gest\u00e3o de Dr. C\u00e9lio de Carli no final do primeiro mandato do governador Ricardo Coutinho, o hospital tem tido diversas melhorias, como a amplia\u00e7\u00e3o de 45 para 106 leitos, aumento do n\u00famero da equipe multidisciplinar, entre outras a\u00e7\u00f5es, al\u00e9m do bom relacionamento entre a dire\u00e7\u00e3o do hospital, o Governador, a Secretaria de Sa\u00fade do Estado e os munic\u00edpios.<\/div>\n<div dir=\"ltr\"><\/div>\n<div dir=\"ltr\">Por fim , o Diretor destacou que todas essas a\u00e7\u00f5es n\u00e3o seria concretizadas se n\u00e3o fosse a sensibilidade e aten\u00e7\u00e3o em que o Governador Ricardo Coutinho tem com Monteiro e toda a regi\u00e3o do Cariri Paraibano.<\/div>\n<div dir=\"ltr\"><\/div>\n<div dir=\"ltr\">O Hospital Regional de Monteiro \u00e9 respons\u00e1vel pelo atendimento de diversos munic\u00edpios da regi\u00e3o do Cariri Paraibano.<\/div>\n","protected":false},"excerpt":{"rendered":"<p>O Hospital e Maternidade Regional Santa Filomena, no munic\u00edpio de Monteiro, que integra a rede hospitalar do Governo do Estado, j\u00e1 realizou 46.369 atendimentos e&hellip; <\/p>\n","protected":false},"author":1,"featured_media":17728,"comment_status":"closed","ping_status":"closed","sticky":false,"template":"","format":"standard","meta":{"sfsi_plus_gutenberg_text_before_share":"","sfsi_plus_gutenberg_show_text_before_share":"","sfsi_plus_gutenberg_icon_type":"","sfsi_plus_gutenberg_icon_alignemt":"","sfsi_plus_gutenburg_max_per_row":"","footnotes":""},"categories":[16],"tags":[],"class_list":["post-78375","post","type-post","status-publish","format-standard","has-post-thumbnail","hentry","category-saude"],"_links":{"self":[{"href":"https:\/\/www.caririemacao.com\/1\/wp-json\/wp\/v2\/posts\/78375","targetHints":{"allow":["GET"]}}],"collection":[{"href":"https:\/\/www.caririemacao.com\/1\/wp-json\/wp\/v2\/posts"}],"about":[{"href":"https:\/\/www.caririemacao.com\/1\/wp-json\/wp\/v2\/types\/post"}],"author":[{"embeddable":true,"href":"https:\/\/www.caririemacao.com\/1\/wp-json\/wp\/v2\/users\/1"}],"replies":[{"embeddable":true,"href":"https:\/\/www.caririemacao.com\/1\/wp-json\/wp\/v2\/comments?post=78375"}],"version-history":[{"count":1,"href":"https:\/\/www.caririemacao.com\/1\/wp-json\/wp\/v2\/posts\/78375\/revisions"}],"predecessor-version":[{"id":78376,"href":"https:\/\/www.caririemacao.com\/1\/wp-json\/wp\/v2\/posts\/78375\/revisions\/78376"}],"wp:featuredmedia":[{"embeddable":true,"href":"https:\/\/www.caririemacao.com\/1\/wp-json\/wp\/v2\/media\/17728"}],"wp:attachment":[{"href":"https:\/\/www.caririemacao.com\/1\/wp-json\/wp\/v2\/media?parent=78375"}],"wp:term":[{"taxonomy":"category","embeddable":true,"href":"https:\/\/www.caririemacao.com\/1\/wp-json\/wp\/v2\/categories?post=78375"},{"taxonomy":"post_tag","embeddable":true,"href":"https:\/\/www.caririemacao.com\/1\/wp-json\/wp\/v2\/tags?post=78375"}],"curies":[{"name":"wp","href":"https:\/\/api.w.org\/{rel}","templated":true}]}}