{"id":78394,"date":"2018-12-27T12:52:32","date_gmt":"2018-12-27T15:52:32","guid":{"rendered":"http:\/\/www.caririemacao.com\/1\/?p=78394"},"modified":"2018-12-27T12:52:32","modified_gmt":"2018-12-27T15:52:32","slug":"indonesia-fica-em-alerta-com-receio-de-segundo-tsunami-em-menos-de-uma-semana","status":"publish","type":"post","link":"https:\/\/www.caririemacao.com\/1\/2018\/12\/27\/indonesia-fica-em-alerta-com-receio-de-segundo-tsunami-em-menos-de-uma-semana\/","title":{"rendered":"Indon\u00e9sia fica em alerta com receio de segundo tsunami em menos de uma semana"},"content":{"rendered":"<p>Sob o receio de um segundo tsunami em menos de uma semana, as autoridades da Indon\u00e9sia aumentaram hoje (27) o status de alerta do Vulc\u00e3o Anak Krakatau e ampliaram a zona proibida, depois que a erup\u00e7\u00e3o do vulc\u00e3o desencadeou um tsunami nas \u00e1reas costeiras do Estreito de Sunda. Mais de 430 pessoas morreram, 1.495 ficaram feridos e ainda h\u00e1 muitos desaparecidos e desalojados no pa\u00eds.<\/p>\n<p>O alerta subiu para o segundo maior, e a zona de evacua\u00e7\u00e3o foi ampliada para 5 quil\u00f4metros (km) da cratera, em compara\u00e7\u00e3o com o tamanho anterior de 2 km. A informa\u00e7\u00e3o \u00e9 do porta-voz da Ag\u00eancia Nacional de Gerenciamento de Desastres, Sutopo Purwo Nugroho.<\/p>\n<p>A erup\u00e7\u00e3o do vulc\u00e3o, h\u00e1 cinco dias, provocou deslizamentos de terra e lavas foram parar no mar. As autoridades pedem a todos o uso de m\u00e1scaras. Especialistas em vulc\u00e3o afirmam que a atividade vulc\u00e2nica produz freq\u00fcentes erup\u00e7\u00f5es moderadas. No entanto, advertem que o risco de um novo tsunami \u00e9 real.<\/p>\n<p>Por ordem das autoridades da Indon\u00e9sia, 20 mil pessoas foram retiradas das regi\u00f5es consideradas de risco. O tsunami do \u00faltimo s\u00e1bado (22) atingiu um raio de 312,75 km de \u00e1reas costeiras nas prov\u00edncias de Banten e Lampung.<\/p>\n<p>A maioria das v\u00edtimas foi resgatada em v\u00e1rios resorts no distrito de Pandglang, na prov\u00edncia de Banten. Uma imagem de sat\u00e9lite revelou que a maior parte das \u00e1reas de flanco do Anak Krakatau desmoronou pouco antes do tsunami, e a Ag\u00eancia de Meteorologia e Geof\u00edsica do pa\u00eds disse que o colapso dos flancos cobriu uma \u00e1rea de 64 hectares e causou deslizamentos de terra.<\/p>\n<p>Anak Krakatau \u00e9 um dos 129 vulc\u00f5es ativos da Indon\u00e9sia, uma vasta na\u00e7\u00e3o arquip\u00e9lago situada em vulner\u00e1vel zona de terremotos chamada Anel de Fogo do Pac\u00edfico.<\/p>\n","protected":false},"excerpt":{"rendered":"<p>Sob o receio de um segundo tsunami em menos de uma semana, as autoridades da Indon\u00e9sia aumentaram hoje (27) o status de alerta do Vulc\u00e3o&hellip; <\/p>\n","protected":false},"author":1,"featured_media":78395,"comment_status":"closed","ping_status":"closed","sticky":false,"template":"","format":"standard","meta":{"sfsi_plus_gutenberg_text_before_share":"","sfsi_plus_gutenberg_show_text_before_share":"","sfsi_plus_gutenberg_icon_type":"","sfsi_plus_gutenberg_icon_alignemt":"","sfsi_plus_gutenburg_max_per_row":"","footnotes":""},"categories":[2],"tags":[],"class_list":["post-78394","post","type-post","status-publish","format-standard","has-post-thumbnail","hentry","category-geral"],"_links":{"self":[{"href":"https:\/\/www.caririemacao.com\/1\/wp-json\/wp\/v2\/posts\/78394","targetHints":{"allow":["GET"]}}],"collection":[{"href":"https:\/\/www.caririemacao.com\/1\/wp-json\/wp\/v2\/posts"}],"about":[{"href":"https:\/\/www.caririemacao.com\/1\/wp-json\/wp\/v2\/types\/post"}],"author":[{"embeddable":true,"href":"https:\/\/www.caririemacao.com\/1\/wp-json\/wp\/v2\/users\/1"}],"replies":[{"embeddable":true,"href":"https:\/\/www.caririemacao.com\/1\/wp-json\/wp\/v2\/comments?post=78394"}],"version-history":[{"count":1,"href":"https:\/\/www.caririemacao.com\/1\/wp-json\/wp\/v2\/posts\/78394\/revisions"}],"predecessor-version":[{"id":78396,"href":"https:\/\/www.caririemacao.com\/1\/wp-json\/wp\/v2\/posts\/78394\/revisions\/78396"}],"wp:featuredmedia":[{"embeddable":true,"href":"https:\/\/www.caririemacao.com\/1\/wp-json\/wp\/v2\/media\/78395"}],"wp:attachment":[{"href":"https:\/\/www.caririemacao.com\/1\/wp-json\/wp\/v2\/media?parent=78394"}],"wp:term":[{"taxonomy":"category","embeddable":true,"href":"https:\/\/www.caririemacao.com\/1\/wp-json\/wp\/v2\/categories?post=78394"},{"taxonomy":"post_tag","embeddable":true,"href":"https:\/\/www.caririemacao.com\/1\/wp-json\/wp\/v2\/tags?post=78394"}],"curies":[{"name":"wp","href":"https:\/\/api.w.org\/{rel}","templated":true}]}}