{"id":78400,"date":"2018-12-27T12:54:11","date_gmt":"2018-12-27T15:54:11","guid":{"rendered":"http:\/\/www.caririemacao.com\/1\/?p=78400"},"modified":"2018-12-27T12:54:11","modified_gmt":"2018-12-27T15:54:11","slug":"prazo-para-requerer-isencao-do-ipva-2019-termina-nesta-sexta","status":"publish","type":"post","link":"https:\/\/www.caririemacao.com\/1\/2018\/12\/27\/prazo-para-requerer-isencao-do-ipva-2019-termina-nesta-sexta\/","title":{"rendered":"Prazo para requerer isen\u00e7\u00e3o do IPVA 2019 termina nesta sexta"},"content":{"rendered":"<div>Os contribuintes t\u00eam at\u00e9 esta sexta-feira (28) para solicitarem a isen\u00e7\u00e3o do IPVA (Imposto Sobre a Propriedade de Ve\u00edculos Automotores) do exerc\u00edcio de 2019. Eles devem procurar uma das 24 reparti\u00e7\u00f5es fiscais do Estado (Recebedorias de Renda ou Coletorias). Como o dia 31 de dezembro \u00e9 ponto facultativo nas reparti\u00e7\u00f5es fiscais, os contribuintes precisar\u00e3o antecipar a solicita\u00e7\u00e3o.<\/div>\n<div>\u00a0As categorias como taxistas, portadores de defici\u00eancia (f\u00edsica, visual, mental ou autista), ve\u00edculos cadastrados no Minist\u00e9rio do Turismo na qualidade de transporte tur\u00edstico; motofrentistas e de motobois at\u00e9 150 cc (cilindradas) precisam requerer a isen\u00e7\u00e3o at\u00e9 o \u00faltimo dia \u00fatil do ano como forma de gozar o direito em 2019. Para requerer a isen\u00e7\u00e3o, basta levar o documento de identidade com o CPF e fazer o protocolo.<\/div>\n<div>\u00a0A exig\u00eancia da comprova\u00e7\u00e3o dos documentos necess\u00e1rios para obter efetivamente a isen\u00e7\u00e3o como, por exemplo, laudos, comprovante de resid\u00eancia e demais documentos somente ser\u00e3o exigidos no m\u00eas do calend\u00e1rio de pagamento do IPVA. Por exemplo, se a placa tiver final 1, os contribuintes dever\u00e3o entregar os documentos necess\u00e1rios at\u00e9 o dia 31 de janeiro. Se for placa final 2, at\u00e9 o \u00faltima dia \u00fatil de fevereiro e, assim, por diante at\u00e9 a placa final 0, que ser\u00e1 no m\u00eas de outubro.<\/div>\n<div><b>Pagamento do IPVA<\/b>\u00a0\u2013 Os contribuintes paraibanos com carros ou motos de placa final zero, que optaram pelo pagamento total sem desconto ou pelo parcelamento em tr\u00eas vezes do Imposto sobre a Propriedade de Ve\u00edculos Automotores (IPVA), precisam efetuar o tributo tamb\u00e9m at\u00e9 dia 28 de dezembro para evitar acr\u00e9scimo de juros e multa no pagamento.<\/div>\n<div><b>Emiss\u00f5es do boleto \u2013<\/b>\u00a0As emiss\u00f5es dos boletos do IPVA est\u00e3o dispon\u00edveis nos portais da Secretaria de Estado da Receita www.receita.pb.gov.br ou do Detran-PB\u00a0<a href=\"http:\/\/www.detran.pb.gov.br.\/\">http:\/\/www.detran.pb.gov.br.<\/a>\u00a0Para imprimir, o contribuinte vai precisar digitar apenas os n\u00fameros da placa do ve\u00edculo e do Renavam impressos no documento CRV (Certificado de Registro de Ve\u00edculo). O boleto do IPVA poder\u00e1 ser ainda emitido nas reparti\u00e7\u00f5es fiscais ou ent\u00e3o nas unidades do Detran-PB do Estado.<\/div>\n<div><b>Onde pagar \u2013<\/b>\u00a0Al\u00e9m dos caixas de autoatendimento do Bradesco, os contribuintes poder\u00e3o ainda pagar o tributo de forma mais pr\u00e1tica no mobile banking \u2013 aplicativo dispon\u00edvel pelo Bradesco e de outros bancos para aparelhos m\u00f3veis como smartphones.<\/div>\n<div><\/div>\n<div><\/div>\n<div><strong>MaisPB<\/strong><\/div>\n","protected":false},"excerpt":{"rendered":"<p>Os contribuintes t\u00eam at\u00e9 esta sexta-feira (28) para solicitarem a isen\u00e7\u00e3o do IPVA (Imposto Sobre a Propriedade de Ve\u00edculos Automotores) do exerc\u00edcio de 2019. Eles&hellip; <\/p>\n","protected":false},"author":1,"featured_media":6134,"comment_status":"closed","ping_status":"closed","sticky":false,"template":"","format":"standard","meta":{"sfsi_plus_gutenberg_text_before_share":"","sfsi_plus_gutenberg_show_text_before_share":"","sfsi_plus_gutenberg_icon_type":"","sfsi_plus_gutenberg_icon_alignemt":"","sfsi_plus_gutenburg_max_per_row":"","footnotes":""},"categories":[2],"tags":[],"class_list":["post-78400","post","type-post","status-publish","format-standard","has-post-thumbnail","hentry","category-geral"],"_links":{"self":[{"href":"https:\/\/www.caririemacao.com\/1\/wp-json\/wp\/v2\/posts\/78400","targetHints":{"allow":["GET"]}}],"collection":[{"href":"https:\/\/www.caririemacao.com\/1\/wp-json\/wp\/v2\/posts"}],"about":[{"href":"https:\/\/www.caririemacao.com\/1\/wp-json\/wp\/v2\/types\/post"}],"author":[{"embeddable":true,"href":"https:\/\/www.caririemacao.com\/1\/wp-json\/wp\/v2\/users\/1"}],"replies":[{"embeddable":true,"href":"https:\/\/www.caririemacao.com\/1\/wp-json\/wp\/v2\/comments?post=78400"}],"version-history":[{"count":1,"href":"https:\/\/www.caririemacao.com\/1\/wp-json\/wp\/v2\/posts\/78400\/revisions"}],"predecessor-version":[{"id":78402,"href":"https:\/\/www.caririemacao.com\/1\/wp-json\/wp\/v2\/posts\/78400\/revisions\/78402"}],"wp:featuredmedia":[{"embeddable":true,"href":"https:\/\/www.caririemacao.com\/1\/wp-json\/wp\/v2\/media\/6134"}],"wp:attachment":[{"href":"https:\/\/www.caririemacao.com\/1\/wp-json\/wp\/v2\/media?parent=78400"}],"wp:term":[{"taxonomy":"category","embeddable":true,"href":"https:\/\/www.caririemacao.com\/1\/wp-json\/wp\/v2\/categories?post=78400"},{"taxonomy":"post_tag","embeddable":true,"href":"https:\/\/www.caririemacao.com\/1\/wp-json\/wp\/v2\/tags?post=78400"}],"curies":[{"name":"wp","href":"https:\/\/api.w.org\/{rel}","templated":true}]}}