{"id":78403,"date":"2018-12-27T12:58:47","date_gmt":"2018-12-27T15:58:47","guid":{"rendered":"http:\/\/www.caririemacao.com\/1\/?p=78403"},"modified":"2018-12-27T12:58:47","modified_gmt":"2018-12-27T15:58:47","slug":"policia-civil-prende-suspeito-de-matar-vereador-em-camalau-pb","status":"publish","type":"post","link":"https:\/\/www.caririemacao.com\/1\/2018\/12\/27\/policia-civil-prende-suspeito-de-matar-vereador-em-camalau-pb\/","title":{"rendered":"Pol\u00edcia civil prende suspeito de matar vereador em Camala\u00fa-PB"},"content":{"rendered":"<p>Na manh\u00e3 desta quinta-feira \u00a0(27), a Pol\u00edcia Civil, por meio do Grupo T\u00e1tico Especial da 14a DSPC \u2013 Monteiro\/PB, sob o comando dos Delegados de Pol\u00edcia GILSON DUARTE e PAULO \u00caNIO RABELO, capturou, no bairro Novo Coqueiral em Toritama\/PE, o indiv\u00edduo de nome J E B, vulgo \u201cDOCHA\u201d, ele que \u00e9 acusado de ter executado, juntamente com um comparsa ainda foragido, o vereador da cidade de Camal\u00fa\/PB, ADELMO TEOBALDO FARIAS, crime que ocorreu no dia 08\/09\/2018, por volta das 12:30h.<br \/>\nO crime foi praticado por dois indiv\u00edduos em uma motocicleta HONDA CG, COR VERMELHA e, segundo informa\u00e7\u00f5es colhidas no inqu\u00e9rito policial, foi praticado a mando de J P B, vulgo \u201cZ\u00c9 PAULO\u201d, que se encontra foragido e \u00e9 tio de J E,<\/p>\n<p>J E B, que j\u00e1 foi preso em Pernambuco e cumpriu pena por tr\u00e1fico de drogas, negou envolvimento com o homic\u00eddio e chegou a dizer que o tio \u201cZ\u00c9 PAULO\u201d poderia estar em Bel\u00e9m do S\u00e3o Francisco\/PE, por\u00e9m tal informa\u00e7\u00e3o ainda n\u00e3o p\u00f4de ser checada.<br \/>\nA pris\u00e3o ocorreu por for\u00e7a de mandado de pris\u00e3o tempor\u00e1ria expedido pela 1a Vara da Comarca de Monteiro\/PB.<\/p>\n<p><img fetchpriority=\"high\" decoding=\"async\" class=\"aligncenter size-full wp-image-12299\" src=\"http:\/\/hora1pb.com.br\/wp-content\/uploads\/2018\/12\/E15FD67A-30DD-4E87-9BE2-9B6A4D7A7356.jpeg\" alt=\"\" width=\"500\" height=\"400\" \/><\/p>\n","protected":false},"excerpt":{"rendered":"<p>Na manh\u00e3 desta quinta-feira \u00a0(27), a Pol\u00edcia Civil, por meio do Grupo T\u00e1tico Especial da 14a DSPC \u2013 Monteiro\/PB, sob o comando dos Delegados de&hellip; <\/p>\n","protected":false},"author":1,"featured_media":16349,"comment_status":"closed","ping_status":"closed","sticky":false,"template":"","format":"standard","meta":{"sfsi_plus_gutenberg_text_before_share":"","sfsi_plus_gutenberg_show_text_before_share":"","sfsi_plus_gutenberg_icon_type":"","sfsi_plus_gutenberg_icon_alignemt":"","sfsi_plus_gutenburg_max_per_row":"","footnotes":""},"categories":[50,12],"tags":[],"class_list":["post-78403","post","type-post","status-publish","format-standard","has-post-thumbnail","hentry","category-destaque","category-policia"],"_links":{"self":[{"href":"https:\/\/www.caririemacao.com\/1\/wp-json\/wp\/v2\/posts\/78403","targetHints":{"allow":["GET"]}}],"collection":[{"href":"https:\/\/www.caririemacao.com\/1\/wp-json\/wp\/v2\/posts"}],"about":[{"href":"https:\/\/www.caririemacao.com\/1\/wp-json\/wp\/v2\/types\/post"}],"author":[{"embeddable":true,"href":"https:\/\/www.caririemacao.com\/1\/wp-json\/wp\/v2\/users\/1"}],"replies":[{"embeddable":true,"href":"https:\/\/www.caririemacao.com\/1\/wp-json\/wp\/v2\/comments?post=78403"}],"version-history":[{"count":1,"href":"https:\/\/www.caririemacao.com\/1\/wp-json\/wp\/v2\/posts\/78403\/revisions"}],"predecessor-version":[{"id":78404,"href":"https:\/\/www.caririemacao.com\/1\/wp-json\/wp\/v2\/posts\/78403\/revisions\/78404"}],"wp:featuredmedia":[{"embeddable":true,"href":"https:\/\/www.caririemacao.com\/1\/wp-json\/wp\/v2\/media\/16349"}],"wp:attachment":[{"href":"https:\/\/www.caririemacao.com\/1\/wp-json\/wp\/v2\/media?parent=78403"}],"wp:term":[{"taxonomy":"category","embeddable":true,"href":"https:\/\/www.caririemacao.com\/1\/wp-json\/wp\/v2\/categories?post=78403"},{"taxonomy":"post_tag","embeddable":true,"href":"https:\/\/www.caririemacao.com\/1\/wp-json\/wp\/v2\/tags?post=78403"}],"curies":[{"name":"wp","href":"https:\/\/api.w.org\/{rel}","templated":true}]}}