{"id":78406,"date":"2018-12-27T13:04:54","date_gmt":"2018-12-27T16:04:54","guid":{"rendered":"http:\/\/www.caririemacao.com\/1\/?p=78406"},"modified":"2018-12-27T13:04:54","modified_gmt":"2018-12-27T16:04:54","slug":"ricardo-bate-marca-historica-e-conclui-mandato-com-84-de-aprovacao","status":"publish","type":"post","link":"https:\/\/www.caririemacao.com\/1\/2018\/12\/27\/ricardo-bate-marca-historica-e-conclui-mandato-com-84-de-aprovacao\/","title":{"rendered":"Ricardo bate marca hist\u00f3rica e conclui mandato com 84% de aprova\u00e7\u00e3o"},"content":{"rendered":"<p>O Centro integrado de Pesquisa e Comunica\u00e7\u00e3o (CIPEC) divulgou uma pesquisa de avalia\u00e7\u00e3o da imagem institucional do governo do Estado da Para\u00edba e revelou uma aprova\u00e7\u00e3o recorde de 84% da administra\u00e7\u00e3o de Ricardo Coutinho (PSB).<\/p>\n<p>A aprova\u00e7\u00e3o da administra\u00e7\u00e3o do governador Ricardo Coutinho foi recorde chegando a 84,7% em dezembro deste ano. Na pesquisa, a avalia\u00e7\u00e3o n\u00e3o chegou a ficar abaixo dos 73,1% e no final do mandato o governador ainda teve o menor \u00edndice de desaprova\u00e7\u00e3o: apenas 9,3%.<\/p>\n<p>Na avalia\u00e7\u00e3o da administra\u00e7\u00e3o estadual, o gestor oscilou de 57,9% em novembro de 2017 ao \u00e1pice de 68,8% em dezembro de 2018, checagem tamb\u00e9m deu 23,7% de avalia\u00e7\u00e3o regular e apenas 5,8% dos entrevistados consideraram a administra\u00e7\u00e3o ruim.<\/p>\n<p>Por mesorregi\u00f5es, 90% da Zona da Mata aprova a gest\u00e3o; seguida pela Borborema com 84,9%; Sert\u00e3o com 84,5% e Agreste com 78,2%. Por \u00e1rea, a Regi\u00e3o Metropolitana de Jo\u00e3o Pessoa lidera com 92% de aprova\u00e7\u00e3o do governo; a Capital fica em segundo com 90,2%; seguido pelo interior 84,9% e Campina Grande com 68,8%.<\/p>\n<p>Para 82% dos entrevistados a gest\u00e3o do governador Ricardo Coutinho foi melhor do que eles esperavam e a a\u00e7\u00e3o ou projeto mais importante, apontados de forma espont\u00e2nea foi a constru\u00e7\u00e3o e recupera\u00e7\u00e3o de estradas: 25,2%; Educa\u00e7\u00e3o em geral veio em segundo com 10,7%, Sa\u00fade em geral com 5,7%; constru\u00e7\u00e3o de novos hospitais em geral com 5%. Na lista ainda constam Infraestrutura, Escolas t\u00e9cnicas, Abastecimento de \u00e1gua, Constru\u00e7\u00e3o de Casas Populares, Viaduto do Geisel, Trevo das Mangabeiras, Seguran\u00e7a, Transposi\u00e7\u00e3o do S\u00e3o Francisco, Controle das contas do Estado, Hospital de Trauma, Constru\u00e7\u00e3o de Barragens, Transporte e Mobilidade, Habita\u00e7\u00e3o em geral, Hospital Metropolitano, Gera\u00e7\u00e3o de Emprego e Renda, entre outros.<\/p>\n<p>A principal marca positiva do governo tamb\u00e9m foi a constru\u00e7\u00e3o e recupera\u00e7\u00e3o de estradas, 33,8% dos entrevistados destacou esta a\u00e7\u00e3o. Constru\u00e7\u00e3o de Hospitais, Constru\u00e7\u00e3o de Escolas T\u00e9cnicas, Obras de abastecimento de \u00e1gua, Sa\u00fade em Geral, Educa\u00e7\u00e3o em Geral, Seguran\u00e7a, Programa Giramundo, Controle de Contas, Programa Para\u00edba Unida Pela Paz, Transporte e Mobilidade em Geral, seguem a lista.<\/p>\n<p>Mais da metade da popula\u00e7\u00e3o se sente beneficiada diretamente por uma obra ou a\u00e7\u00e3o da gest\u00e3o de Ricardo Coutinho: s\u00e3o 54%.<\/p>\n<p>Foram entrevistadas 1607 pessoas no per\u00edodo de 14 a 17 de dezembro de 2018. A margem de erro \u00e9 de 2,49% para mais ou para menos e o intervalo de confian\u00e7a da margem de erro \u00e9 de 95,5%.<\/p>\n<p>O centro utilizou uma metodologia quantitativa por amostra probabil\u00edstica dos est\u00e1gios m\u00faltiplos. No primeiro est\u00e1gio foram selecionados probabilisticamente os munic\u00edpios que comp\u00f5em a amostra atrav\u00e9s do m\u00e9todo PPT (Probabilidade Proporcional de Tamanho), tomando como base a popula\u00e7\u00e3o de cada um.<\/p>\n<p>No segundo est\u00e1gio, foram selecionados por sorteio aleat\u00f3rio os setores censit\u00e1rios a serem pesquisados dentro de cada munic\u00edpio. Finalmente no terceiro est\u00e1gio foi feita a sele\u00e7\u00e3o das resid\u00eancias dentro do setor censit\u00e1rio, utilizando-se quotas para a sele\u00e7\u00e3o do entrevistado dentro da resid\u00eancia em fun\u00e7\u00e3o das seguintes vari\u00e1veis:<\/p>\n<p>Sexo: masculino e feminino &#8211; dados da estat\u00edstica do eleitorado TSE &#8211; Novembro de 2018.<\/p>\n<p>Idade &#8211; dados da estat\u00edstica do eleitorado TSE &#8211; Novembro 2018.<\/p>\n<p>Foi aplicada a pondera\u00e7\u00e3o para compensar a desproporcionalidade ao n\u00edvel de mesorregi\u00e3o.<\/p>\n<p><img decoding=\"async\" data-src=\"https:\/\/www2.pbagora.com.br\/userfiles\/images\/aprovacao.jpg\" alt=\"\" src=\"data:image\/svg+xml;base64,PHN2ZyB3aWR0aD0iMSIgaGVpZ2h0PSIxIiB4bWxucz0iaHR0cDovL3d3dy53My5vcmcvMjAwMC9zdmciPjwvc3ZnPg==\" class=\"lazyload\" \/><\/p>\n<p><img decoding=\"async\" data-src=\"https:\/\/www2.pbagora.com.br\/userfiles\/images\/aprovacao2.jpg\" alt=\"\" src=\"data:image\/svg+xml;base64,PHN2ZyB3aWR0aD0iMSIgaGVpZ2h0PSIxIiB4bWxucz0iaHR0cDovL3d3dy53My5vcmcvMjAwMC9zdmciPjwvc3ZnPg==\" class=\"lazyload\" \/><\/p>\n<p><img decoding=\"async\" data-src=\"https:\/\/www2.pbagora.com.br\/userfiles\/images\/aprovacao3.jpg\" alt=\"\" src=\"data:image\/svg+xml;base64,PHN2ZyB3aWR0aD0iMSIgaGVpZ2h0PSIxIiB4bWxucz0iaHR0cDovL3d3dy53My5vcmcvMjAwMC9zdmciPjwvc3ZnPg==\" class=\"lazyload\" \/><img decoding=\"async\" data-src=\"https:\/\/www2.pbagora.com.br\/userfiles\/images\/aprovacao5.jpg\" alt=\"\" src=\"data:image\/svg+xml;base64,PHN2ZyB3aWR0aD0iMSIgaGVpZ2h0PSIxIiB4bWxucz0iaHR0cDovL3d3dy53My5vcmcvMjAwMC9zdmciPjwvc3ZnPg==\" class=\"lazyload\" \/><img decoding=\"async\" data-src=\"https:\/\/www2.pbagora.com.br\/userfiles\/images\/aprovacao6.jpg\" alt=\"\" src=\"data:image\/svg+xml;base64,PHN2ZyB3aWR0aD0iMSIgaGVpZ2h0PSIxIiB4bWxucz0iaHR0cDovL3d3dy53My5vcmcvMjAwMC9zdmciPjwvc3ZnPg==\" class=\"lazyload\" \/><\/p>\n<p><img decoding=\"async\" data-src=\"https:\/\/www2.pbagora.com.br\/userfiles\/images\/aprovacao7.jpg\" alt=\"\" src=\"data:image\/svg+xml;base64,PHN2ZyB3aWR0aD0iMSIgaGVpZ2h0PSIxIiB4bWxucz0iaHR0cDovL3d3dy53My5vcmcvMjAwMC9zdmciPjwvc3ZnPg==\" class=\"lazyload\" \/><\/p>\n<p><img decoding=\"async\" data-src=\"https:\/\/www2.pbagora.com.br\/userfiles\/images\/aprovacao8.jpg\" alt=\"\" src=\"data:image\/svg+xml;base64,PHN2ZyB3aWR0aD0iMSIgaGVpZ2h0PSIxIiB4bWxucz0iaHR0cDovL3d3dy53My5vcmcvMjAwMC9zdmciPjwvc3ZnPg==\" class=\"lazyload\" \/><\/p>\n<p><strong><em>PB Agora<\/em><\/strong><\/p>\n","protected":false},"excerpt":{"rendered":"<p>O Centro integrado de Pesquisa e Comunica\u00e7\u00e3o (CIPEC) divulgou uma pesquisa de avalia\u00e7\u00e3o da imagem institucional do governo do Estado da Para\u00edba e revelou uma&hellip; <\/p>\n","protected":false},"author":1,"featured_media":53143,"comment_status":"closed","ping_status":"closed","sticky":false,"template":"","format":"standard","meta":{"sfsi_plus_gutenberg_text_before_share":"","sfsi_plus_gutenberg_show_text_before_share":"","sfsi_plus_gutenberg_icon_type":"","sfsi_plus_gutenberg_icon_alignemt":"","sfsi_plus_gutenburg_max_per_row":"","footnotes":""},"categories":[50,11],"tags":[],"class_list":["post-78406","post","type-post","status-publish","format-standard","has-post-thumbnail","hentry","category-destaque","category-politica"],"_links":{"self":[{"href":"https:\/\/www.caririemacao.com\/1\/wp-json\/wp\/v2\/posts\/78406","targetHints":{"allow":["GET"]}}],"collection":[{"href":"https:\/\/www.caririemacao.com\/1\/wp-json\/wp\/v2\/posts"}],"about":[{"href":"https:\/\/www.caririemacao.com\/1\/wp-json\/wp\/v2\/types\/post"}],"author":[{"embeddable":true,"href":"https:\/\/www.caririemacao.com\/1\/wp-json\/wp\/v2\/users\/1"}],"replies":[{"embeddable":true,"href":"https:\/\/www.caririemacao.com\/1\/wp-json\/wp\/v2\/comments?post=78406"}],"version-history":[{"count":1,"href":"https:\/\/www.caririemacao.com\/1\/wp-json\/wp\/v2\/posts\/78406\/revisions"}],"predecessor-version":[{"id":78407,"href":"https:\/\/www.caririemacao.com\/1\/wp-json\/wp\/v2\/posts\/78406\/revisions\/78407"}],"wp:featuredmedia":[{"embeddable":true,"href":"https:\/\/www.caririemacao.com\/1\/wp-json\/wp\/v2\/media\/53143"}],"wp:attachment":[{"href":"https:\/\/www.caririemacao.com\/1\/wp-json\/wp\/v2\/media?parent=78406"}],"wp:term":[{"taxonomy":"category","embeddable":true,"href":"https:\/\/www.caririemacao.com\/1\/wp-json\/wp\/v2\/categories?post=78406"},{"taxonomy":"post_tag","embeddable":true,"href":"https:\/\/www.caririemacao.com\/1\/wp-json\/wp\/v2\/tags?post=78406"}],"curies":[{"name":"wp","href":"https:\/\/api.w.org\/{rel}","templated":true}]}}