{"id":78410,"date":"2018-12-27T13:22:51","date_gmt":"2018-12-27T16:22:51","guid":{"rendered":"http:\/\/www.caririemacao.com\/1\/?p=78410"},"modified":"2018-12-27T13:22:51","modified_gmt":"2018-12-27T16:22:51","slug":"instituto-de-previdencia-de-sume-esta-entre-os-melhores-da-paraiba","status":"publish","type":"post","link":"https:\/\/www.caririemacao.com\/1\/2018\/12\/27\/instituto-de-previdencia-de-sume-esta-entre-os-melhores-da-paraiba\/","title":{"rendered":"Instituto de Previd\u00eancia de Sum\u00e9 est\u00e1 entre os melhores da Para\u00edba"},"content":{"rendered":"<p style=\"margin: 0px 0px 13px; padding: 0px; border: 0px currentColor; color: #555555; text-transform: none; line-height: 24px; text-indent: 0px; letter-spacing: normal; font-family: 'Droid Sans'; font-size: 14px; font-style: normal; font-weight: normal; word-spacing: 0px; vertical-align: baseline; white-space: normal; box-sizing: border-box; orphans: 2; widows: 2; font-stretch: inherit; background-color: #ffffff; font-variant-ligatures: normal; font-variant-caps: normal; font-variant-numeric: inherit; -webkit-text-stroke-width: 0px; text-decoration-style: initial; text-decoration-color: initial;\">Enquanto a tramita\u00e7\u00e3o da Reforma da Previd\u00eancia no Congresso Nacional tem gerado preocupa\u00e7\u00e3o e descontentamento a muitos brasileiros que dependem dela, o Regime de Previd\u00eancia Pr\u00f3pria do Munic\u00edpio de Sum\u00e9, no Cariri paraibano, tem mostrado equil\u00edbrio financeiro e organiza\u00e7\u00e3o administrativa na manuten\u00e7\u00e3o de seu fundo previdenci\u00e1rio.<\/p>\n<p style=\"margin: 0px 0px 13px; padding: 0px; border: 0px currentColor; color: #555555; text-transform: none; line-height: 24px; text-indent: 0px; letter-spacing: normal; font-family: 'Droid Sans'; font-size: 14px; font-style: normal; font-weight: normal; word-spacing: 0px; vertical-align: baseline; white-space: normal; box-sizing: border-box; orphans: 2; widows: 2; font-stretch: inherit; background-color: #ffffff; font-variant-ligatures: normal; font-variant-caps: normal; font-variant-numeric: inherit; -webkit-text-stroke-width: 0px; text-decoration-style: initial; text-decoration-color: initial;\">De acordo com a presidente do Instituto, Dark Aquino e o diretor financeiro, Marcio Porto, a Prefeitura de Sum\u00e9, por meio do Instituto de Previd\u00eancia Municipal (Ipams), tem gerido a sua previd\u00eancia com transpar\u00eancia, equil\u00edbrio e efic\u00e1cia. Eles informaram que, atualmente, o Ipams conta com 173 aposentados e 45 pensionistas. S\u00f3 em 2018, o Instituto concedeu 17 aposentadorias e tr\u00eas pens\u00f5es.<\/p>\n<p style=\"margin: 0px 0px 13px; padding: 0px; border: 0px currentColor; color: #555555; text-transform: none; line-height: 24px; text-indent: 0px; letter-spacing: normal; font-family: 'Droid Sans'; font-size: 14px; font-style: normal; font-weight: normal; word-spacing: 0px; vertical-align: baseline; white-space: normal; box-sizing: border-box; orphans: 2; widows: 2; font-stretch: inherit; background-color: #ffffff; font-variant-ligatures: normal; font-variant-caps: normal; font-variant-numeric: inherit; -webkit-text-stroke-width: 0px; text-decoration-style: initial; text-decoration-color: initial;\">Dark ainda destacou o compromisso e a responsabilidade social do Instituto junto aos seus pensionistas. \u201cConsidero-o muito importante e seguro, pois os repasses s\u00e3o feitos religiosamente em dia. Dessa forma n\u00e3o tem como d\u00e1 errado. O prefeito \u00c9den tem sido muito rigoroso com essa quest\u00e3o. Isso s\u00f3 fortalece e aumenta ainda mais o nosso trabalho e consequentemente a seguran\u00e7a institucional e jur\u00eddica do Ipams\u201d, enalteceu.<\/p>\n<p style=\"margin: 0px 0px 13px; padding: 0px; border: 0px currentColor; color: #555555; text-transform: none; line-height: 24px; text-indent: 0px; letter-spacing: normal; font-family: 'Droid Sans'; font-size: 14px; font-style: normal; font-weight: normal; word-spacing: 0px; vertical-align: baseline; white-space: normal; box-sizing: border-box; orphans: 2; widows: 2; font-stretch: inherit; background-color: #ffffff; font-variant-ligatures: normal; font-variant-caps: normal; font-variant-numeric: inherit; -webkit-text-stroke-width: 0px; text-decoration-style: initial; text-decoration-color: initial;\">De acordo com o diretor financeiro, Marcio Porto, mensalmente, ap\u00f3s o Instituto efetuar o pagamento dos aposentados e pensionistas, o que sobra \u00e9 aplicado em diferentes bancos do munic\u00edpio. Segundo M\u00e1rcio, atualmente, o fundo tem um investimento de R$ 4,5 milh\u00f5es.<\/p>\n<p style=\"margin: 0px 0px 13px; padding: 0px; border: 0px currentColor; color: #555555; text-transform: none; line-height: 24px; text-indent: 0px; letter-spacing: normal; font-family: 'Droid Sans'; font-size: 14px; font-style: normal; font-weight: normal; word-spacing: 0px; vertical-align: baseline; white-space: normal; box-sizing: border-box; orphans: 2; widows: 2; font-stretch: inherit; background-color: #ffffff; font-variant-ligatures: normal; font-variant-caps: normal; font-variant-numeric: inherit; -webkit-text-stroke-width: 0px; text-decoration-style: initial; text-decoration-color: initial;\">Conforme o Indicador de Situa\u00e7\u00e3o Previdenci\u00e1ria, na m\u00e9dia nacional 2018, o Ipams foi pontuado com a nota m\u00e1xima no quesito conformidade e ficou bem colocado no ranking de cumprimento das normas gerais de organiza\u00e7\u00e3o e funcionamento, ocupando o 3\u00ba lugar na Para\u00edba e o 29\u00b0 lugar na regi\u00e3o Nordeste.<\/p>\n<p style=\"margin: 0px 0px 13px; padding: 0px; border: 0px currentColor; color: #555555; text-transform: none; line-height: 24px; text-indent: 0px; letter-spacing: normal; font-family: 'Droid Sans'; font-size: 14px; font-style: normal; font-weight: normal; word-spacing: 0px; vertical-align: baseline; white-space: normal; box-sizing: border-box; orphans: 2; widows: 2; font-stretch: inherit; background-color: #ffffff; font-variant-ligatures: normal; font-variant-caps: normal; font-variant-numeric: inherit; -webkit-text-stroke-width: 0px; text-decoration-style: initial; text-decoration-color: initial;\">Para Dark, essa boa classifica\u00e7\u00e3o junto ao \u00f3rg\u00e3o previdenci\u00e1rio federal \u00e9 a prova de que o instituto est\u00e1 no caminho certo e o reflexo de um bom trabalho realizado em equipe.<\/p>\n<p style=\"margin: 0px 0px 13px; padding: 0px; border: 0px currentColor; color: #555555; text-transform: none; line-height: 24px; text-indent: 0px; letter-spacing: normal; font-family: 'Droid Sans'; font-size: 14px; font-style: normal; font-weight: normal; word-spacing: 0px; vertical-align: baseline; white-space: normal; box-sizing: border-box; orphans: 2; widows: 2; font-stretch: inherit; background-color: #ffffff; font-variant-ligatures: normal; font-variant-caps: normal; font-variant-numeric: inherit; -webkit-text-stroke-width: 0px; text-decoration-style: initial; text-decoration-color: initial;\">\n<p style=\"margin: 0px 0px 13px; padding: 0px; border: 0px currentColor; color: #555555; text-transform: none; line-height: 24px; text-indent: 0px; letter-spacing: normal; font-family: 'Droid Sans'; font-size: 14px; font-style: normal; font-weight: normal; word-spacing: 0px; vertical-align: baseline; white-space: normal; box-sizing: border-box; orphans: 2; widows: 2; font-stretch: inherit; background-color: #ffffff; font-variant-ligatures: normal; font-variant-caps: normal; font-variant-numeric: inherit; -webkit-text-stroke-width: 0px; text-decoration-style: initial; text-decoration-color: initial;\">Ascom PMS<\/p>\n","protected":false},"excerpt":{"rendered":"<p>Enquanto a tramita\u00e7\u00e3o da Reforma da Previd\u00eancia no Congresso Nacional tem gerado preocupa\u00e7\u00e3o e descontentamento a muitos brasileiros que dependem dela, o Regime de Previd\u00eancia&hellip; <\/p>\n","protected":false},"author":1,"featured_media":52105,"comment_status":"closed","ping_status":"closed","sticky":false,"template":"","format":"standard","meta":{"sfsi_plus_gutenberg_text_before_share":"","sfsi_plus_gutenberg_show_text_before_share":"","sfsi_plus_gutenberg_icon_type":"","sfsi_plus_gutenberg_icon_alignemt":"","sfsi_plus_gutenburg_max_per_row":"","footnotes":""},"categories":[6,50],"tags":[],"class_list":["post-78410","post","type-post","status-publish","format-standard","has-post-thumbnail","hentry","category-cidades","category-destaque"],"_links":{"self":[{"href":"https:\/\/www.caririemacao.com\/1\/wp-json\/wp\/v2\/posts\/78410","targetHints":{"allow":["GET"]}}],"collection":[{"href":"https:\/\/www.caririemacao.com\/1\/wp-json\/wp\/v2\/posts"}],"about":[{"href":"https:\/\/www.caririemacao.com\/1\/wp-json\/wp\/v2\/types\/post"}],"author":[{"embeddable":true,"href":"https:\/\/www.caririemacao.com\/1\/wp-json\/wp\/v2\/users\/1"}],"replies":[{"embeddable":true,"href":"https:\/\/www.caririemacao.com\/1\/wp-json\/wp\/v2\/comments?post=78410"}],"version-history":[{"count":1,"href":"https:\/\/www.caririemacao.com\/1\/wp-json\/wp\/v2\/posts\/78410\/revisions"}],"predecessor-version":[{"id":78411,"href":"https:\/\/www.caririemacao.com\/1\/wp-json\/wp\/v2\/posts\/78410\/revisions\/78411"}],"wp:featuredmedia":[{"embeddable":true,"href":"https:\/\/www.caririemacao.com\/1\/wp-json\/wp\/v2\/media\/52105"}],"wp:attachment":[{"href":"https:\/\/www.caririemacao.com\/1\/wp-json\/wp\/v2\/media?parent=78410"}],"wp:term":[{"taxonomy":"category","embeddable":true,"href":"https:\/\/www.caririemacao.com\/1\/wp-json\/wp\/v2\/categories?post=78410"},{"taxonomy":"post_tag","embeddable":true,"href":"https:\/\/www.caririemacao.com\/1\/wp-json\/wp\/v2\/tags?post=78410"}],"curies":[{"name":"wp","href":"https:\/\/api.w.org\/{rel}","templated":true}]}}