{"id":78413,"date":"2018-12-27T13:38:19","date_gmt":"2018-12-27T16:38:19","guid":{"rendered":"http:\/\/www.caririemacao.com\/1\/?p=78413"},"modified":"2018-12-27T13:38:19","modified_gmt":"2018-12-27T16:38:19","slug":"em-gurjao-vereador-rompe-com-prefeito-e-se-elege-presidente-da-camara-com-voto-do-atual-presidente","status":"publish","type":"post","link":"https:\/\/www.caririemacao.com\/1\/2018\/12\/27\/em-gurjao-vereador-rompe-com-prefeito-e-se-elege-presidente-da-camara-com-voto-do-atual-presidente\/","title":{"rendered":"Em Gurj\u00e3o: vereador rompe com prefeito e se elege presidente da C\u00e2mara com voto do atual presidente"},"content":{"rendered":"<p>&nbsp;<\/p>\n<p>O grupo do prefeito Ronaldo Queiroz, em Gurj\u00e3o, saiu fragilizado da elei\u00e7\u00e3o da Mesa Diretora da C\u00e2mara, que aconteceu nesta quinta-feira (27).<\/p>\n<p>Ronaldo viu sua bancada de sete parlamentares se dividir e terminou perdendo \u00e0 presid\u00eancia do Poder Legislativo, para o seu ex-aliado, vereador Robson Jos\u00e9, que recebeu o voto do atual presidente da C\u00e2mara, Adailson Coutinho, eleito 1\u00b0 vice-presidente.<\/p>\n<p>A Mesa Diretora para o pr\u00f3ximo Bi\u00eanio ficou da seguinte forma:<\/p>\n<p>Presidente: Robson Jos\u00e9<\/p>\n<p>1\u00b0 Vice-presidente: Adailson Coutinho<\/p>\n<p>1\u00b0 Secret\u00e1rio: Gilberto Farias<\/p>\n<p>2\u00b0 Secret\u00e1rio: Alessandro Cavalcante<\/p>\n<p>A vereadora Elizete Farias, que nos bastidores \u00e9 reconhecida como a poss\u00edvel candidata de Ronaldo a Prefeitura em 2020, perdeu a elei\u00e7\u00e3o.<\/p>\n<p><strong>Blog do Bruno Lira<\/strong><\/p>\n","protected":false},"excerpt":{"rendered":"<p>&nbsp; O grupo do prefeito Ronaldo Queiroz, em Gurj\u00e3o, saiu fragilizado da elei\u00e7\u00e3o da Mesa Diretora da C\u00e2mara, que aconteceu nesta quinta-feira (27). Ronaldo viu&hellip; <\/p>\n","protected":false},"author":1,"featured_media":78414,"comment_status":"closed","ping_status":"closed","sticky":false,"template":"","format":"standard","meta":{"sfsi_plus_gutenberg_text_before_share":"","sfsi_plus_gutenberg_show_text_before_share":"","sfsi_plus_gutenberg_icon_type":"","sfsi_plus_gutenberg_icon_alignemt":"","sfsi_plus_gutenburg_max_per_row":"","footnotes":""},"categories":[11],"tags":[],"class_list":["post-78413","post","type-post","status-publish","format-standard","has-post-thumbnail","hentry","category-politica"],"_links":{"self":[{"href":"https:\/\/www.caririemacao.com\/1\/wp-json\/wp\/v2\/posts\/78413","targetHints":{"allow":["GET"]}}],"collection":[{"href":"https:\/\/www.caririemacao.com\/1\/wp-json\/wp\/v2\/posts"}],"about":[{"href":"https:\/\/www.caririemacao.com\/1\/wp-json\/wp\/v2\/types\/post"}],"author":[{"embeddable":true,"href":"https:\/\/www.caririemacao.com\/1\/wp-json\/wp\/v2\/users\/1"}],"replies":[{"embeddable":true,"href":"https:\/\/www.caririemacao.com\/1\/wp-json\/wp\/v2\/comments?post=78413"}],"version-history":[{"count":1,"href":"https:\/\/www.caririemacao.com\/1\/wp-json\/wp\/v2\/posts\/78413\/revisions"}],"predecessor-version":[{"id":78415,"href":"https:\/\/www.caririemacao.com\/1\/wp-json\/wp\/v2\/posts\/78413\/revisions\/78415"}],"wp:featuredmedia":[{"embeddable":true,"href":"https:\/\/www.caririemacao.com\/1\/wp-json\/wp\/v2\/media\/78414"}],"wp:attachment":[{"href":"https:\/\/www.caririemacao.com\/1\/wp-json\/wp\/v2\/media?parent=78413"}],"wp:term":[{"taxonomy":"category","embeddable":true,"href":"https:\/\/www.caririemacao.com\/1\/wp-json\/wp\/v2\/categories?post=78413"},{"taxonomy":"post_tag","embeddable":true,"href":"https:\/\/www.caririemacao.com\/1\/wp-json\/wp\/v2\/tags?post=78413"}],"curies":[{"name":"wp","href":"https:\/\/api.w.org\/{rel}","templated":true}]}}