{"id":78437,"date":"2018-12-27T17:43:08","date_gmt":"2018-12-27T20:43:08","guid":{"rendered":"http:\/\/www.caririemacao.com\/1\/?p=78437"},"modified":"2018-12-27T17:43:08","modified_gmt":"2018-12-27T20:43:08","slug":"adriano-galdino-defende-voto-aberto-para-eleicao-da-mesa-diretora-da-alpb","status":"publish","type":"post","link":"https:\/\/www.caririemacao.com\/1\/2018\/12\/27\/adriano-galdino-defende-voto-aberto-para-eleicao-da-mesa-diretora-da-alpb\/","title":{"rendered":"Adriano Galdino defende voto aberto para elei\u00e7\u00e3o da Mesa Diretora da ALPB"},"content":{"rendered":"<p>O deputado reeleito Adriano Galdino (PSB) disse em entrevista a imprensa, nesta quinta-feira (27), que prefere que a vota\u00e7\u00e3o para elei\u00e7\u00e3o da nova Mesa Diretora da Assembleia Legislativa seja aberta. Para ele n\u00e3o interessa o voto secreto, at\u00e9 porque n\u00e3o tem nada a esconder a ningu\u00e9m.<\/p>\n<p>Galdino teve o nome acordado entre os integrantes da bancada governista para exercer o cargo de presidente da Casa logo no primeiro bi\u00eanio legislativo (2019\/2020) em reuni\u00e3o realizada ontem, quarta-feira (26), na Granja Santana com o governador Ricardo Coutinho (PSB).<\/p>\n<p>Contudo, o deputado se limitou a dizer sobre a reuni\u00e3o, que o processo da elei\u00e7\u00e3o da Mesa se dar\u00e1 conforme as orienta\u00e7\u00f5es do atual governador e do governador diplomado, Jo\u00e3o Azevedo (PSB).<\/p>\n<p>\u201cEssa condu\u00e7\u00e3o do processo est\u00e1 nas m\u00e3os dos dois e o que vier deles dois eu vou cumprir. Tudo ser\u00e1 resolvido a partir do pr\u00f3ximo dia 15 e tudo ser\u00e1 tornado p\u00fablico pelo governador Ricardo Coutinho\u201d, disse.<\/p>\n<p>O deputado garantiu ainda que a base governista est\u00e1 totalmente unida em torno da candidatura definida, mas decis\u00e3o ficou mesmo para a primeira quinzena de janeiro quando o governador Jo\u00e3o Azevedo reunir\u00e1 a bancada para discutir sobre a elei\u00e7\u00e3o da Mesa Diretora.<\/p>\n<p>&nbsp;<\/p>\n<p>Para\u00edba Online<\/p>\n","protected":false},"excerpt":{"rendered":"<p>O deputado reeleito Adriano Galdino (PSB) disse em entrevista a imprensa, nesta quinta-feira (27), que prefere que a vota\u00e7\u00e3o para elei\u00e7\u00e3o da nova Mesa Diretora&hellip; <\/p>\n","protected":false},"author":1,"featured_media":10627,"comment_status":"closed","ping_status":"closed","sticky":false,"template":"","format":"standard","meta":{"sfsi_plus_gutenberg_text_before_share":"","sfsi_plus_gutenberg_show_text_before_share":"","sfsi_plus_gutenberg_icon_type":"","sfsi_plus_gutenberg_icon_alignemt":"","sfsi_plus_gutenburg_max_per_row":"","footnotes":""},"categories":[11],"tags":[],"class_list":["post-78437","post","type-post","status-publish","format-standard","has-post-thumbnail","hentry","category-politica"],"_links":{"self":[{"href":"https:\/\/www.caririemacao.com\/1\/wp-json\/wp\/v2\/posts\/78437","targetHints":{"allow":["GET"]}}],"collection":[{"href":"https:\/\/www.caririemacao.com\/1\/wp-json\/wp\/v2\/posts"}],"about":[{"href":"https:\/\/www.caririemacao.com\/1\/wp-json\/wp\/v2\/types\/post"}],"author":[{"embeddable":true,"href":"https:\/\/www.caririemacao.com\/1\/wp-json\/wp\/v2\/users\/1"}],"replies":[{"embeddable":true,"href":"https:\/\/www.caririemacao.com\/1\/wp-json\/wp\/v2\/comments?post=78437"}],"version-history":[{"count":1,"href":"https:\/\/www.caririemacao.com\/1\/wp-json\/wp\/v2\/posts\/78437\/revisions"}],"predecessor-version":[{"id":78438,"href":"https:\/\/www.caririemacao.com\/1\/wp-json\/wp\/v2\/posts\/78437\/revisions\/78438"}],"wp:featuredmedia":[{"embeddable":true,"href":"https:\/\/www.caririemacao.com\/1\/wp-json\/wp\/v2\/media\/10627"}],"wp:attachment":[{"href":"https:\/\/www.caririemacao.com\/1\/wp-json\/wp\/v2\/media?parent=78437"}],"wp:term":[{"taxonomy":"category","embeddable":true,"href":"https:\/\/www.caririemacao.com\/1\/wp-json\/wp\/v2\/categories?post=78437"},{"taxonomy":"post_tag","embeddable":true,"href":"https:\/\/www.caririemacao.com\/1\/wp-json\/wp\/v2\/tags?post=78437"}],"curies":[{"name":"wp","href":"https:\/\/api.w.org\/{rel}","templated":true}]}}