{"id":78441,"date":"2018-12-27T17:46:23","date_gmt":"2018-12-27T20:46:23","guid":{"rendered":"http:\/\/www.caririemacao.com\/1\/?p=78441"},"modified":"2018-12-27T17:46:23","modified_gmt":"2018-12-27T20:46:23","slug":"governador-diplomado-anuncia-mais-nomes-da-equipe-de-governo-nesta-sexta-feira","status":"publish","type":"post","link":"https:\/\/www.caririemacao.com\/1\/2018\/12\/27\/governador-diplomado-anuncia-mais-nomes-da-equipe-de-governo-nesta-sexta-feira\/","title":{"rendered":"Governador diplomado anuncia mais nomes da equipe de governo nesta sexta-feira"},"content":{"rendered":"<div id=\"attachment_546944\" class=\"wp-caption aligncenter\"><img decoding=\"async\" class=\"wp-image-546944 size-full lazyload\" data-src=\"https:\/\/paraibaonline.com.br\/wp-content\/uploads\/2018\/12\/joao-azevedo1912.jpg\" data-srcset=\"https:\/\/paraibaonline.com.br\/wp-content\/uploads\/2018\/12\/joao-azevedo1912.jpg 1024w, https:\/\/paraibaonline.com.br\/wp-content\/uploads\/2018\/12\/joao-azevedo1912-567x378.jpg 567w, https:\/\/paraibaonline.com.br\/wp-content\/uploads\/2018\/12\/joao-azevedo1912-900x599.jpg 900w\" alt=\"Foto: Leonardo Silva\/Paraibaonline\" src=\"data:image\/svg+xml;base64,PHN2ZyB3aWR0aD0iMSIgaGVpZ2h0PSIxIiB4bWxucz0iaHR0cDovL3d3dy53My5vcmcvMjAwMC9zdmciPjwvc3ZnPg==\" \/><\/p>\n<p class=\"wp-caption-text\">Foto: Leonardo Silva\/Paraibaonline<\/p>\n<\/div>\n<p>O governador diplomado da Para\u00edba, Jo\u00e3o Azev\u00eado (PSB), divulgar\u00e1 nesta sexta-feira (28), \u00e0s 10h, durante transmiss\u00e3o ao vivo nas redes sociais, novos nomes que integrar\u00e3o a equipe de governo a partir de janeiro de 2019.<\/p>\n<p>No \u00faltimo dia 7, foram anunciados os primeiros auxiliares das administra\u00e7\u00f5es direta e indireta do Estado.<\/p>\n","protected":false},"excerpt":{"rendered":"<p>Foto: Leonardo Silva\/Paraibaonline O governador diplomado da Para\u00edba, Jo\u00e3o Azev\u00eado (PSB), divulgar\u00e1 nesta sexta-feira (28), \u00e0s 10h, durante transmiss\u00e3o ao vivo nas redes sociais, novos&hellip; <\/p>\n","protected":false},"author":1,"featured_media":77068,"comment_status":"closed","ping_status":"closed","sticky":false,"template":"","format":"standard","meta":{"sfsi_plus_gutenberg_text_before_share":"","sfsi_plus_gutenberg_show_text_before_share":"","sfsi_plus_gutenberg_icon_type":"","sfsi_plus_gutenberg_icon_alignemt":"","sfsi_plus_gutenburg_max_per_row":"","footnotes":""},"categories":[11],"tags":[],"class_list":["post-78441","post","type-post","status-publish","format-standard","has-post-thumbnail","hentry","category-politica"],"_links":{"self":[{"href":"https:\/\/www.caririemacao.com\/1\/wp-json\/wp\/v2\/posts\/78441","targetHints":{"allow":["GET"]}}],"collection":[{"href":"https:\/\/www.caririemacao.com\/1\/wp-json\/wp\/v2\/posts"}],"about":[{"href":"https:\/\/www.caririemacao.com\/1\/wp-json\/wp\/v2\/types\/post"}],"author":[{"embeddable":true,"href":"https:\/\/www.caririemacao.com\/1\/wp-json\/wp\/v2\/users\/1"}],"replies":[{"embeddable":true,"href":"https:\/\/www.caririemacao.com\/1\/wp-json\/wp\/v2\/comments?post=78441"}],"version-history":[{"count":1,"href":"https:\/\/www.caririemacao.com\/1\/wp-json\/wp\/v2\/posts\/78441\/revisions"}],"predecessor-version":[{"id":78442,"href":"https:\/\/www.caririemacao.com\/1\/wp-json\/wp\/v2\/posts\/78441\/revisions\/78442"}],"wp:featuredmedia":[{"embeddable":true,"href":"https:\/\/www.caririemacao.com\/1\/wp-json\/wp\/v2\/media\/77068"}],"wp:attachment":[{"href":"https:\/\/www.caririemacao.com\/1\/wp-json\/wp\/v2\/media?parent=78441"}],"wp:term":[{"taxonomy":"category","embeddable":true,"href":"https:\/\/www.caririemacao.com\/1\/wp-json\/wp\/v2\/categories?post=78441"},{"taxonomy":"post_tag","embeddable":true,"href":"https:\/\/www.caririemacao.com\/1\/wp-json\/wp\/v2\/tags?post=78441"}],"curies":[{"name":"wp","href":"https:\/\/api.w.org\/{rel}","templated":true}]}}