{"id":78443,"date":"2018-12-27T17:49:49","date_gmt":"2018-12-27T20:49:49","guid":{"rendered":"http:\/\/www.caririemacao.com\/1\/?p=78443"},"modified":"2018-12-27T17:49:49","modified_gmt":"2018-12-27T20:49:49","slug":"sistema-de-educacao-da-pmpb-reserva-30-das-vagas-do-cfo-para-policiais-de-carreira","status":"publish","type":"post","link":"https:\/\/www.caririemacao.com\/1\/2018\/12\/27\/sistema-de-educacao-da-pmpb-reserva-30-das-vagas-do-cfo-para-policiais-de-carreira\/","title":{"rendered":"Sistema de Educa\u00e7\u00e3o da PMPB reserva 30% das vagas do CFO para policiais de carreira"},"content":{"rendered":"<p>Com a aprova\u00e7\u00e3o do Sistema de Educa\u00e7\u00e3o da Pol\u00edcia Militar da Para\u00edba (PMPB), pelo menos 30% das vagas do Curso de Forma\u00e7\u00e3o de Oficiais (CFO), que passa a ser chamado de curso de bacharelado em Seguran\u00e7a P\u00fablica, ser\u00e3o destinadas aos policiais militares de carreira. O Sistema de Educa\u00e7\u00e3o da PMPB foi aprovado por unanimidade, na manh\u00e3 desta quinta-feira (27), na Assembleia Legislativa.<\/p>\n<p>O projeto, encaminhado para aprecia\u00e7\u00e3o dos parlamentares pelo governador Ricardo Coutinho, atualiza a capacita\u00e7\u00e3o profissional e oferece mais oportunidades \u00e0 tropa. Al\u00e9m da mudan\u00e7a para o CFO, o curso de Tecn\u00f3logo em Seguran\u00e7a P\u00fablica (CTESP), que \u00e9 para candidatos aprovados no concurso de soldado, permite que o policial entre com n\u00edvel m\u00e9dio para esta gradua\u00e7\u00e3o e saia do curso com n\u00edvel superior.<\/p>\n<p>Outra mudan\u00e7a \u00e9 que o Curso de Forma\u00e7\u00e3o de Sargentos (CFS) agora ser\u00e1 Curso de Pol\u00edcia Preventiva, passando a exigir n\u00edvel superior e mais de dois anos de efetivo servi\u00e7o para o ingresso. J\u00e1 o acesso ao Quadro de Habilita\u00e7\u00e3o de Oficiais (QOA), deixa de exigir limite de idade e passa a ser oferecido para policiais com n\u00edvel superior na \u00e1rea de gest\u00e3o.<\/p>\n<p><a href=\"https:\/\/www.clickpb.com.br\/media\/filer_public\/00\/c6\/00c65bc8-d78f-4b13-8799-ecf1adf83ec5\/projeto-59283_texto_integral.pdf\" data-file=\"\">Veja o projeto sobre o Sistema de Educa\u00e7\u00e3o da Pol\u00edcia Militar da Para\u00edba, na \u00edntegra<\/a><\/p>\n<p>O comandante-geral da Pol\u00edcia Militar, coronel Euller Chaves, destacou que o Sistema de Educa\u00e7\u00e3o foi constru\u00eddo com base nos anseios dos profissionais e nas exig\u00eancias sociais de ter um policial cada vez mais qualificado. \u201cEstamos modernizando o nosso sistema de ensino, com educa\u00e7\u00e3o profissional inclusiva, ascens\u00e3o por m\u00e9ritos e compartilhamento de conhecimentos cient\u00edficos e tecnol\u00f3gicos. Em nossa caminhada, ouvimos os anseios dos profissionais que fazem parte da Pol\u00edcia Militar da Para\u00edba, levamos a proposta ao governador Ricardo Coutinho, que enviou \u00e0 Assembleia Legislativa, alcan\u00e7ando a aprova\u00e7\u00e3o por unanimidade\u201d, disse.<\/p>\n<p>O desenvolvimento cient\u00edfico na \u00e1rea de seguran\u00e7a p\u00fablica, com o programa de p\u00f3s-gradua\u00e7\u00e3o proposto pelo Sistem, traz o mestrado profissional para habilitar capit\u00e3es ao posto de major e doutorado profissional para habilitar oficiais superiores \u00e0s promo\u00e7\u00f5es de \u00faltimo posto. A Especializa\u00e7\u00e3o em Seguran\u00e7a P\u00fablica (CESP) ser\u00e1 destinada aos 1\u00ba tenentes, habilitando-os \u00e0s promo\u00e7\u00f5es ao posto de capit\u00e3o, dentro do programa de p\u00f3s-gradua\u00e7\u00e3o lato sensu.<\/p>\n<p>&nbsp;<\/p>\n<p>Secom<\/p>\n","protected":false},"excerpt":{"rendered":"<p>Com a aprova\u00e7\u00e3o do Sistema de Educa\u00e7\u00e3o da Pol\u00edcia Militar da Para\u00edba (PMPB), pelo menos 30% das vagas do Curso de Forma\u00e7\u00e3o de Oficiais (CFO),&hellip; <\/p>\n","protected":false},"author":1,"featured_media":11844,"comment_status":"closed","ping_status":"closed","sticky":false,"template":"","format":"standard","meta":{"sfsi_plus_gutenberg_text_before_share":"","sfsi_plus_gutenberg_show_text_before_share":"","sfsi_plus_gutenberg_icon_type":"","sfsi_plus_gutenberg_icon_alignemt":"","sfsi_plus_gutenburg_max_per_row":"","footnotes":""},"categories":[2],"tags":[],"class_list":["post-78443","post","type-post","status-publish","format-standard","has-post-thumbnail","hentry","category-geral"],"_links":{"self":[{"href":"https:\/\/www.caririemacao.com\/1\/wp-json\/wp\/v2\/posts\/78443","targetHints":{"allow":["GET"]}}],"collection":[{"href":"https:\/\/www.caririemacao.com\/1\/wp-json\/wp\/v2\/posts"}],"about":[{"href":"https:\/\/www.caririemacao.com\/1\/wp-json\/wp\/v2\/types\/post"}],"author":[{"embeddable":true,"href":"https:\/\/www.caririemacao.com\/1\/wp-json\/wp\/v2\/users\/1"}],"replies":[{"embeddable":true,"href":"https:\/\/www.caririemacao.com\/1\/wp-json\/wp\/v2\/comments?post=78443"}],"version-history":[{"count":1,"href":"https:\/\/www.caririemacao.com\/1\/wp-json\/wp\/v2\/posts\/78443\/revisions"}],"predecessor-version":[{"id":78444,"href":"https:\/\/www.caririemacao.com\/1\/wp-json\/wp\/v2\/posts\/78443\/revisions\/78444"}],"wp:featuredmedia":[{"embeddable":true,"href":"https:\/\/www.caririemacao.com\/1\/wp-json\/wp\/v2\/media\/11844"}],"wp:attachment":[{"href":"https:\/\/www.caririemacao.com\/1\/wp-json\/wp\/v2\/media?parent=78443"}],"wp:term":[{"taxonomy":"category","embeddable":true,"href":"https:\/\/www.caririemacao.com\/1\/wp-json\/wp\/v2\/categories?post=78443"},{"taxonomy":"post_tag","embeddable":true,"href":"https:\/\/www.caririemacao.com\/1\/wp-json\/wp\/v2\/tags?post=78443"}],"curies":[{"name":"wp","href":"https:\/\/api.w.org\/{rel}","templated":true}]}}