{"id":78450,"date":"2018-12-27T18:04:45","date_gmt":"2018-12-27T21:04:45","guid":{"rendered":"http:\/\/www.caririemacao.com\/1\/?p=78450"},"modified":"2018-12-27T18:04:45","modified_gmt":"2018-12-27T21:04:45","slug":"posse-de-bolsonaro-tem-presenca-confirmada-de-12-chefes-de-estado","status":"publish","type":"post","link":"https:\/\/www.caririemacao.com\/1\/2018\/12\/27\/posse-de-bolsonaro-tem-presenca-confirmada-de-12-chefes-de-estado\/","title":{"rendered":"Posse de Bolsonaro tem presen\u00e7a confirmada de 12 chefes de Estado"},"content":{"rendered":"<p style=\"margin: 0px 0px 1.62em; padding: 0px; outline: 0px; border: 0px currentColor; color: #555555; text-transform: none; text-indent: 0px; letter-spacing: normal; font-family: 'Open Sans', sans-serif; font-size: 15px; font-style: normal; font-weight: normal; word-spacing: 0px; vertical-align: baseline; white-space: normal; -ms-zoom: 1; orphans: 2; widows: 2; background-color: #ffffff; font-variant-ligatures: normal; font-variant-caps: normal; -webkit-text-stroke-width: 0px; text-decoration-style: initial; text-decoration-color: initial;\">A cerim\u00f4nia de posse do presidente eleito, Jair Bolsonaro tem, at\u00e9 o momento, a presen\u00e7a confirmada de 12 chefes de Estado. A expectativa do Itamaraty \u00e9 de que 60 delega\u00e7\u00f5es estrangeiras participem da posse.<\/p>\n<p style=\"margin: 0px 0px 1.62em; padding: 0px; outline: 0px; border: 0px currentColor; color: #555555; text-transform: none; text-indent: 0px; letter-spacing: normal; font-family: 'Open Sans', sans-serif; font-size: 15px; font-style: normal; font-weight: normal; word-spacing: 0px; vertical-align: baseline; white-space: normal; -ms-zoom: 1; orphans: 2; widows: 2; background-color: #ffffff; font-variant-ligatures: normal; font-variant-caps: normal; -webkit-text-stroke-width: 0px; text-decoration-style: initial; text-decoration-color: initial;\">Segundo o Minist\u00e9rio das Rela\u00e7\u00f5es Exteriores, a lista de autoridades confirmadas tem mais tr\u00eas vice-presidentes, 11 chanceleres, 16 enviados especiais e tr\u00eas diretores de organismos internacionais. Por motivos de seguran\u00e7a, o \u00f3rg\u00e3o informou que n\u00e3o divulgar\u00e1 a lista completa com os nomes de cada uma dessas autoridades.<\/p>\n<p style=\"margin: 0px 0px 1.62em; padding: 0px; outline: 0px; border: 0px currentColor; color: #555555; text-transform: none; text-indent: 0px; letter-spacing: normal; font-family: 'Open Sans', sans-serif; font-size: 15px; font-style: normal; font-weight: normal; word-spacing: 0px; vertical-align: baseline; white-space: normal; -ms-zoom: 1; orphans: 2; widows: 2; background-color: #ffffff; font-variant-ligatures: normal; font-variant-caps: normal; -webkit-text-stroke-width: 0px; text-decoration-style: initial; text-decoration-color: initial;\">As presen\u00e7as j\u00e1 divulgadas s\u00e3o de presidentes de pa\u00edses vizinhos, como Maur\u00edcio Macri (Argentina), Sebasti\u00e1n Pi\u00f1era (Chile), Mario Abdo Ben\u00edtez (Paraguai), Tabar\u00e9 V\u00e1zquez (Uruguai), Iv\u00e1n Duque M\u00e1rquez (Col\u00f4mbia) e Mar\u00edn Vizcarra (Peru).<\/p>\n<p style=\"margin: 0px 0px 1.62em; padding: 0px; outline: 0px; border: 0px currentColor; color: #555555; text-transform: none; text-indent: 0px; letter-spacing: normal; font-family: 'Open Sans', sans-serif; font-size: 15px; font-style: normal; font-weight: normal; word-spacing: 0px; vertical-align: baseline; white-space: normal; -ms-zoom: 1; orphans: 2; widows: 2; background-color: #ffffff; font-variant-ligatures: normal; font-variant-caps: normal; -webkit-text-stroke-width: 0px; text-decoration-style: initial; text-decoration-color: initial;\">Tamb\u00e9m v\u00e3o desembarcar em Bras\u00edlia, o primeiro-ministro de Israel, Benjamin Netanyahu, o secret\u00e1rio de Estado dos Estados Unidos, Mike Pompeo, al\u00e9m do presidente de Portugal, Marcelo Rebelo de Sousa. Nesta quinta-feira (27), o Itamaraty informou que o vice-presidente do Comit\u00ea Permanente da Assembleia Popular (Parlamento chin\u00eas), Ji Bingxuan, ser\u00e1 o representante da China.<\/p>\n<p style=\"margin: 0px 0px 1.62em; padding: 0px; outline: 0px; border: 0px currentColor; color: #555555; text-transform: none; text-indent: 0px; letter-spacing: normal; font-family: 'Open Sans', sans-serif; font-size: 15px; font-style: normal; font-weight: normal; word-spacing: 0px; vertical-align: baseline; white-space: normal; -ms-zoom: 1; orphans: 2; widows: 2; background-color: #ffffff; font-variant-ligatures: normal; font-variant-caps: normal; -webkit-text-stroke-width: 0px; text-decoration-style: initial; text-decoration-color: initial;\">Al\u00e9m disso, est\u00e3o confirmadas mais dez autoridades, entre elas o chanceler da Argentina, Jorge Faurie. A lista de convidados para a cerim\u00f4nia \u00e9 de 140 pessoas.<\/p>\n<p>&nbsp;<\/p>\n<p>EBC<\/p>\n","protected":false},"excerpt":{"rendered":"<p>A cerim\u00f4nia de posse do presidente eleito, Jair Bolsonaro tem, at\u00e9 o momento, a presen\u00e7a confirmada de 12 chefes de Estado. A expectativa do Itamaraty&hellip; <\/p>\n","protected":false},"author":1,"featured_media":52520,"comment_status":"closed","ping_status":"closed","sticky":false,"template":"","format":"standard","meta":{"sfsi_plus_gutenberg_text_before_share":"","sfsi_plus_gutenberg_show_text_before_share":"","sfsi_plus_gutenberg_icon_type":"","sfsi_plus_gutenberg_icon_alignemt":"","sfsi_plus_gutenburg_max_per_row":"","footnotes":""},"categories":[11],"tags":[],"class_list":["post-78450","post","type-post","status-publish","format-standard","has-post-thumbnail","hentry","category-politica"],"_links":{"self":[{"href":"https:\/\/www.caririemacao.com\/1\/wp-json\/wp\/v2\/posts\/78450","targetHints":{"allow":["GET"]}}],"collection":[{"href":"https:\/\/www.caririemacao.com\/1\/wp-json\/wp\/v2\/posts"}],"about":[{"href":"https:\/\/www.caririemacao.com\/1\/wp-json\/wp\/v2\/types\/post"}],"author":[{"embeddable":true,"href":"https:\/\/www.caririemacao.com\/1\/wp-json\/wp\/v2\/users\/1"}],"replies":[{"embeddable":true,"href":"https:\/\/www.caririemacao.com\/1\/wp-json\/wp\/v2\/comments?post=78450"}],"version-history":[{"count":1,"href":"https:\/\/www.caririemacao.com\/1\/wp-json\/wp\/v2\/posts\/78450\/revisions"}],"predecessor-version":[{"id":78451,"href":"https:\/\/www.caririemacao.com\/1\/wp-json\/wp\/v2\/posts\/78450\/revisions\/78451"}],"wp:featuredmedia":[{"embeddable":true,"href":"https:\/\/www.caririemacao.com\/1\/wp-json\/wp\/v2\/media\/52520"}],"wp:attachment":[{"href":"https:\/\/www.caririemacao.com\/1\/wp-json\/wp\/v2\/media?parent=78450"}],"wp:term":[{"taxonomy":"category","embeddable":true,"href":"https:\/\/www.caririemacao.com\/1\/wp-json\/wp\/v2\/categories?post=78450"},{"taxonomy":"post_tag","embeddable":true,"href":"https:\/\/www.caririemacao.com\/1\/wp-json\/wp\/v2\/tags?post=78450"}],"curies":[{"name":"wp","href":"https:\/\/api.w.org\/{rel}","templated":true}]}}