{"id":78455,"date":"2018-12-27T18:23:07","date_gmt":"2018-12-27T21:23:07","guid":{"rendered":"http:\/\/www.caririemacao.com\/1\/?p=78455"},"modified":"2018-12-27T21:53:20","modified_gmt":"2018-12-28T00:53:20","slug":"2019-comeca-com-39-100-vagas-de-estagio","status":"publish","type":"post","link":"https:\/\/www.caririemacao.com\/1\/2018\/12\/27\/2019-comeca-com-39-100-vagas-de-estagio\/","title":{"rendered":"2019 come\u00e7a com 39.100 vagas de est\u00e1gio"},"content":{"rendered":"<p>Um novo ano se aproxima e com ele uma \u00f3tima not\u00edcia para os jovens. De acordo com estudo do\u00a0<a href=\"http:\/\/www.nube.com.br\/\" target=\"_blank\" rel=\"noreferrer noopener\"><strong>Nube &#8211; N\u00facleo Brasileiro de Est\u00e1gios<\/strong><\/a>, o primeiro trimestre de 2019 chega com a expectativa da abertura de 39.100 vagas destinadas a estagi\u00e1rios em todo o pa\u00eds e marca um aumento de 11,7% em compara\u00e7\u00e3o ao mesmo per\u00edodo de 2018. Desde 2014, instante de in\u00edcio da crise econ\u00f4mica no Brasil, os \u00edndices n\u00e3o eram t\u00e3o positivos. Logo, estima-se a volta do aquecimento no mercado de trabalho.<\/p>\n<p>Essa \u00e9poca \u00e9 conhecida como 1\u00aa Temporada de Est\u00e1gios e possibilitar\u00e1 aos estudantes do n\u00edvel superior 33 mil novas oportunidades. J\u00e1 os alunos do ensino m\u00e9dio e t\u00e9cnico\u00a0ter\u00e3o 6.100 chances de coloca\u00e7\u00e3o. A ascens\u00e3o \u00e9 de 13% e 5,2%, respectivamente. Ou seja, 2018 ofertou 35 mil vagas, sendo 29.200 para universit\u00e1rios e 5.800 para secundaristas. \u201cH\u00e1 uma retomada nas contrata\u00e7\u00f5es, pois as empresas recuperam pouco a pouco a confian\u00e7a na estabilidade financeira. Portanto, \u00e9 hora de arrega\u00e7ar as mangas e ir em busca de um lugar ao sol\u201d, incentiva o presidente do Nube, Carlos Henrique Mencaci.<\/p>\n<p>A eleva\u00e7\u00e3o\u00a0de janeiro\u00a0a mar\u00e7o tamb\u00e9m \u00e9 maior, pois representa uma etapa de renova\u00e7\u00e3o nas organiza\u00e7\u00f5es. Como muitos educandos se formam, seu contrato nas companhias \u00e9 encerrado. Dessa forma, h\u00e1 quem consiga a sonhada efetiva\u00e7\u00e3o, enquanto os demais v\u00e3o atr\u00e1s de outras aspira\u00e7\u00f5es. \u201c\u00c9 uma das melhores fases para quem procura se inserir no mundo corporativo. Ent\u00e3o, a dica \u00e9 foco e determina\u00e7\u00e3o\u201d, ressalta Mencaci.<\/p>\n<p>O conselho vai ao encontro de outro ponto caracter\u00edstico do momento. Por ser tempo de f\u00e9rias, muitos candidatos partem para viagens e lazer e n\u00e3o d\u00e3o tanta import\u00e2ncia aos processos seletivos. \u201cAs faltas aumentam consideravelmente e isso se torna mais um trunfo para quem est\u00e1 realmente empenhado em conseguir sua vaga. Afinal, a concorr\u00eancia diminui e os recrutadores veem com bons olhos quem, com responsabilidade, marca uma din\u00e2mica e de fato comparece\u201d, explica.<\/p>\n<p>Para quem deseja uma posi\u00e7\u00e3o de sucesso, \u00e9 v\u00e1lido\u00a0ter\u00a0um curr\u00edculo atualizado, objetivo e sem erros de portugu\u00eas. Caso n\u00e3o tenha experi\u00eancia, colocar projetos realizados na faculdade, como inicia\u00e7\u00e3o cient\u00edfica, participa\u00e7\u00e3o em ag\u00eancia j\u00fanior, ou em trabalhos volunt\u00e1rios \u00e9 o caminho. \u201cFora isso, muito al\u00e9m de um segundo idioma, \u00e9 primordial tomar cuidado com a l\u00edngua nativa. Mais de 46% dos jovens s\u00e3o reprovados logo na primeira etapa das sele\u00e7\u00f5es por falhas na ortografia\u201d, enfatiza o presidente.<\/p>\n<p>Pensando na dificuldade e nervosismo de quem passa por uma entrevista, o Nube tamb\u00e9m desenvolveu o treinamento a dist\u00e2ncia: \u201cTenha Sucesso em Processos Seletivos\u201d. Por meio dele, \u00e9 poss\u00edvel ter acesso a exerc\u00edcios te\u00f3ricos, al\u00e9m de orienta\u00e7\u00f5es para obter \u00eaxito nessa busca. O conte\u00fado \u00e9 gratuito e ainda gera certificado, o qual poder\u00e1 ser utilizado como horas complementares nas universidades. \u201cA capacita\u00e7\u00e3o \u00e9 fundamental nos dias de\u00a0hoje. Todavia tamb\u00e9m \u00e9 importante desenvolver compet\u00eancias emocionais, como empatia, resili\u00eancia e intelig\u00eancia emocional\u201d, finaliza Mencaci.<\/p>\n<p><strong>\u00a0<\/strong>Nube<\/p>\n","protected":false},"excerpt":{"rendered":"<p>Um novo ano se aproxima e com ele uma \u00f3tima not\u00edcia para os jovens. De acordo com estudo do\u00a0Nube &#8211; N\u00facleo Brasileiro de Est\u00e1gios, o&hellip; <\/p>\n","protected":false},"author":1,"featured_media":27206,"comment_status":"closed","ping_status":"closed","sticky":false,"template":"","format":"standard","meta":{"sfsi_plus_gutenberg_text_before_share":"","sfsi_plus_gutenberg_show_text_before_share":"","sfsi_plus_gutenberg_icon_type":"","sfsi_plus_gutenberg_icon_alignemt":"","sfsi_plus_gutenburg_max_per_row":"","footnotes":""},"categories":[11],"tags":[],"class_list":["post-78455","post","type-post","status-publish","format-standard","has-post-thumbnail","hentry","category-politica"],"_links":{"self":[{"href":"https:\/\/www.caririemacao.com\/1\/wp-json\/wp\/v2\/posts\/78455","targetHints":{"allow":["GET"]}}],"collection":[{"href":"https:\/\/www.caririemacao.com\/1\/wp-json\/wp\/v2\/posts"}],"about":[{"href":"https:\/\/www.caririemacao.com\/1\/wp-json\/wp\/v2\/types\/post"}],"author":[{"embeddable":true,"href":"https:\/\/www.caririemacao.com\/1\/wp-json\/wp\/v2\/users\/1"}],"replies":[{"embeddable":true,"href":"https:\/\/www.caririemacao.com\/1\/wp-json\/wp\/v2\/comments?post=78455"}],"version-history":[{"count":2,"href":"https:\/\/www.caririemacao.com\/1\/wp-json\/wp\/v2\/posts\/78455\/revisions"}],"predecessor-version":[{"id":78468,"href":"https:\/\/www.caririemacao.com\/1\/wp-json\/wp\/v2\/posts\/78455\/revisions\/78468"}],"wp:featuredmedia":[{"embeddable":true,"href":"https:\/\/www.caririemacao.com\/1\/wp-json\/wp\/v2\/media\/27206"}],"wp:attachment":[{"href":"https:\/\/www.caririemacao.com\/1\/wp-json\/wp\/v2\/media?parent=78455"}],"wp:term":[{"taxonomy":"category","embeddable":true,"href":"https:\/\/www.caririemacao.com\/1\/wp-json\/wp\/v2\/categories?post=78455"},{"taxonomy":"post_tag","embeddable":true,"href":"https:\/\/www.caririemacao.com\/1\/wp-json\/wp\/v2\/tags?post=78455"}],"curies":[{"name":"wp","href":"https:\/\/api.w.org\/{rel}","templated":true}]}}