{"id":78475,"date":"2018-12-28T07:59:25","date_gmt":"2018-12-28T10:59:25","guid":{"rendered":"http:\/\/www.caririemacao.com\/1\/?p=78475"},"modified":"2018-12-28T07:59:25","modified_gmt":"2018-12-28T10:59:25","slug":"no-pv-treze-vira-sobre-o-serrano-e-segue-100-na-pre-temporada","status":"publish","type":"post","link":"https:\/\/www.caririemacao.com\/1\/2018\/12\/28\/no-pv-treze-vira-sobre-o-serrano-e-segue-100-na-pre-temporada\/","title":{"rendered":"No PV, Treze vira sobre o Serrano e segue 100% na pr\u00e9-temporada"},"content":{"rendered":"<p>Em um amistoso bastante movimentado, na noite desta quinta-feira (27), no\u00a0Est\u00e1dio Presidente Vargas, em Campina Grande, o Treze bateu o Serrano por 2 a 1, de virada, em seu terceiro teste durante a pr\u00e9-temporada para 2019.<\/p>\n<p>O detalhe \u00e9 que todos os gols da partida foram marcados por jogadores do Galo.<\/p>\n<p>Logo aos tr\u00eas minutos de jogo, ap\u00f3s falta cobrada por Ferreira, a bola desviou no atacante Torres e entrou, abrindo o marcador para os visitantes.<\/p>\n<p>Aos 10 e aos 21 minutos, ainda da etapa inicial, o meio-campista Marc\u00e3o tratou de virar a peleja. Titular pela primeira vez nesta pr\u00e9-temporada, o camisa 7 participou do gol de empate, cabeceando a bola que ainda tocou no zagueiro Vitor antes de entrar, e desempatou o amistoso com um lindo voleio.<\/p>\n<p>A arbitragem anotou o primeiro tento para Vitor.<\/p>\n<p>A vit\u00f3ria deu ao Treze a condi\u00e7\u00e3o de time com 100% de aproveitamento durante os amistosos de prepara\u00e7\u00e3o para as competi\u00e7\u00f5es oficiais de 2019.<\/p>\n<p>Agora, o Galo s\u00f3 volta a entrar em campo para uma partida amistosa no dia 5 de janeiro, quando vai enfrentar o N\u00e1utico, provavelmente no Est\u00e1dio dos Aflitos, em Recife.<\/p>\n<p>J\u00e1 o Serrano-PB conheceu nesta quinta-feira sua primeira derrota nesse per\u00edodo de prepara\u00e7\u00e3o. O time comandado pelo t\u00e9cnico Luciano Silva vai agora voltar aos treinamentos e seu pr\u00f3ximo desafio acontece no domingo, dia 30, em Recife, contra o Santa Cruz.<\/p>\n<p>&nbsp;<\/p>\n<p>Ascom\/Treze<\/p>\n","protected":false},"excerpt":{"rendered":"<p>Em um amistoso bastante movimentado, na noite desta quinta-feira (27), no\u00a0Est\u00e1dio Presidente Vargas, em Campina Grande, o Treze bateu o Serrano por 2 a 1,&hellip; <\/p>\n","protected":false},"author":1,"featured_media":78476,"comment_status":"closed","ping_status":"closed","sticky":false,"template":"","format":"standard","meta":{"sfsi_plus_gutenberg_text_before_share":"","sfsi_plus_gutenberg_show_text_before_share":"","sfsi_plus_gutenberg_icon_type":"","sfsi_plus_gutenberg_icon_alignemt":"","sfsi_plus_gutenburg_max_per_row":"","footnotes":""},"categories":[13],"tags":[],"class_list":["post-78475","post","type-post","status-publish","format-standard","has-post-thumbnail","hentry","category-esportes"],"_links":{"self":[{"href":"https:\/\/www.caririemacao.com\/1\/wp-json\/wp\/v2\/posts\/78475","targetHints":{"allow":["GET"]}}],"collection":[{"href":"https:\/\/www.caririemacao.com\/1\/wp-json\/wp\/v2\/posts"}],"about":[{"href":"https:\/\/www.caririemacao.com\/1\/wp-json\/wp\/v2\/types\/post"}],"author":[{"embeddable":true,"href":"https:\/\/www.caririemacao.com\/1\/wp-json\/wp\/v2\/users\/1"}],"replies":[{"embeddable":true,"href":"https:\/\/www.caririemacao.com\/1\/wp-json\/wp\/v2\/comments?post=78475"}],"version-history":[{"count":1,"href":"https:\/\/www.caririemacao.com\/1\/wp-json\/wp\/v2\/posts\/78475\/revisions"}],"predecessor-version":[{"id":78477,"href":"https:\/\/www.caririemacao.com\/1\/wp-json\/wp\/v2\/posts\/78475\/revisions\/78477"}],"wp:featuredmedia":[{"embeddable":true,"href":"https:\/\/www.caririemacao.com\/1\/wp-json\/wp\/v2\/media\/78476"}],"wp:attachment":[{"href":"https:\/\/www.caririemacao.com\/1\/wp-json\/wp\/v2\/media?parent=78475"}],"wp:term":[{"taxonomy":"category","embeddable":true,"href":"https:\/\/www.caririemacao.com\/1\/wp-json\/wp\/v2\/categories?post=78475"},{"taxonomy":"post_tag","embeddable":true,"href":"https:\/\/www.caririemacao.com\/1\/wp-json\/wp\/v2\/tags?post=78475"}],"curies":[{"name":"wp","href":"https:\/\/api.w.org\/{rel}","templated":true}]}}