{"id":78478,"date":"2018-12-28T08:09:04","date_gmt":"2018-12-28T11:09:04","guid":{"rendered":"http:\/\/www.caririemacao.com\/1\/?p=78478"},"modified":"2018-12-28T08:09:04","modified_gmt":"2018-12-28T11:09:04","slug":"michel-temer-tem-aprovacao-de-7-e-reprovacao-de-62-diz-pesquisa-datafolha","status":"publish","type":"post","link":"https:\/\/www.caririemacao.com\/1\/2018\/12\/28\/michel-temer-tem-aprovacao-de-7-e-reprovacao-de-62-diz-pesquisa-datafolha\/","title":{"rendered":"Michel Temer tem aprova\u00e7\u00e3o de 7% e reprova\u00e7\u00e3o de 62%, diz pesquisa Datafolha"},"content":{"rendered":"<div class=\"noticiacorpo\">\n<div class=\"mc-column content-text active-extra-styles active-capital-letter\" data-block-type=\"unstyled\" data-block-weight=\"19\" data-block-id=\"2\">\n<p class=\"content-text__container theme-color-primary-first-letter\" data-track-category=\"Link no Texto\">Pesquisa\u00a0Datafolha\u00a0divulgada nesta quinta-feira (27) mostra os seguintes percentuais de avalia\u00e7\u00e3o do governo do presidente\u00a0Michel Temer\u00a0(MDB):<\/p>\n<\/div>\n<div class=\"wall protected-content\">\n<div class=\"mc-column content-text active-extra-styles\" data-block-type=\"raw\" data-block-weight=\"6\" data-block-id=\"3\">\n<ul class=\"content-unordered-list\">\n<li>\u00d3timo\/bom: 7%<\/li>\n<li>Regular: 29%<\/li>\n<li>Ruim\/p\u00e9ssimo: 62%<\/li>\n<\/ul>\n<\/div>\n<div class=\"mc-column content-text active-extra-styles \" data-block-type=\"unstyled\" data-block-weight=\"24\" data-block-id=\"4\">\n<p class=\"content-text__container \" data-track-category=\"Link no Texto\">Na pesquisa anterior do Datafolha, divulgada em agosto, 73% dos entrevistados consideravam o governo Temer &#8220;ruim\/p\u00e9ssimo&#8221;; 21%, &#8220;regular&#8221;; e 4% o avaliavam como &#8220;bom\/\u00f3timo&#8221;.<\/p>\n<\/div>\n<div class=\"mc-column content-text active-extra-styles \" data-block-type=\"unstyled\" data-block-weight=\"51\" data-block-id=\"5\">\n<p class=\"content-text__container \" data-track-category=\"Link no Texto\">No entanto, em junho \u2013 m\u00eas seguinte\u00a0\u00e0 greve dos caminhoneiros\u00a0\u2013 o governo Temer registrou o maior \u00edndice de rejei\u00e7\u00e3o da s\u00e9rie hist\u00f3rica do instituto de pesquisa. Na ocasi\u00e3o,\u00a082% dos brasileiros classificaram o governo do emedebista como ruim ou p\u00e9ssimo\u00a0e apenas 3% diziam que era \u00f3timo ou bom.<\/p>\n<\/div>\n<div data-track-category=\"multicontent\" data-track-action=\"ultimo chunk conteudo\" data-track-noninteraction=\"false\" data-track-scroll=\"view\">\n<div class=\"mc-column content-text active-extra-styles \" data-block-type=\"unstyled\" data-block-weight=\"30\" data-block-id=\"6\">\n<p class=\"content-text__container \" data-track-category=\"Link no Texto\">O Datafolha ouviu 2.077 pessoas em 130 munic\u00edpios entre os dias 18 e 19 de dezembro. A margem de erro \u00e9 de 2 pontos percentuais, para mais ou para menos.<\/p>\n<\/div>\n<\/div>\n<\/div>\n<\/div>\n<p class=\"noticia_fonte\">G1<\/p>\n","protected":false},"excerpt":{"rendered":"<p>Pesquisa\u00a0Datafolha\u00a0divulgada nesta quinta-feira (27) mostra os seguintes percentuais de avalia\u00e7\u00e3o do governo do presidente\u00a0Michel Temer\u00a0(MDB): \u00d3timo\/bom: 7% Regular: 29% Ruim\/p\u00e9ssimo: 62% Na pesquisa anterior do&hellip; <\/p>\n","protected":false},"author":1,"featured_media":40000,"comment_status":"closed","ping_status":"closed","sticky":false,"template":"","format":"standard","meta":{"sfsi_plus_gutenberg_text_before_share":"","sfsi_plus_gutenberg_show_text_before_share":"","sfsi_plus_gutenberg_icon_type":"","sfsi_plus_gutenberg_icon_alignemt":"","sfsi_plus_gutenburg_max_per_row":"","footnotes":""},"categories":[11],"tags":[],"class_list":["post-78478","post","type-post","status-publish","format-standard","has-post-thumbnail","hentry","category-politica"],"_links":{"self":[{"href":"https:\/\/www.caririemacao.com\/1\/wp-json\/wp\/v2\/posts\/78478","targetHints":{"allow":["GET"]}}],"collection":[{"href":"https:\/\/www.caririemacao.com\/1\/wp-json\/wp\/v2\/posts"}],"about":[{"href":"https:\/\/www.caririemacao.com\/1\/wp-json\/wp\/v2\/types\/post"}],"author":[{"embeddable":true,"href":"https:\/\/www.caririemacao.com\/1\/wp-json\/wp\/v2\/users\/1"}],"replies":[{"embeddable":true,"href":"https:\/\/www.caririemacao.com\/1\/wp-json\/wp\/v2\/comments?post=78478"}],"version-history":[{"count":1,"href":"https:\/\/www.caririemacao.com\/1\/wp-json\/wp\/v2\/posts\/78478\/revisions"}],"predecessor-version":[{"id":78480,"href":"https:\/\/www.caririemacao.com\/1\/wp-json\/wp\/v2\/posts\/78478\/revisions\/78480"}],"wp:featuredmedia":[{"embeddable":true,"href":"https:\/\/www.caririemacao.com\/1\/wp-json\/wp\/v2\/media\/40000"}],"wp:attachment":[{"href":"https:\/\/www.caririemacao.com\/1\/wp-json\/wp\/v2\/media?parent=78478"}],"wp:term":[{"taxonomy":"category","embeddable":true,"href":"https:\/\/www.caririemacao.com\/1\/wp-json\/wp\/v2\/categories?post=78478"},{"taxonomy":"post_tag","embeddable":true,"href":"https:\/\/www.caririemacao.com\/1\/wp-json\/wp\/v2\/tags?post=78478"}],"curies":[{"name":"wp","href":"https:\/\/api.w.org\/{rel}","templated":true}]}}