{"id":78491,"date":"2018-12-28T08:30:43","date_gmt":"2018-12-28T11:30:43","guid":{"rendered":"http:\/\/www.caririemacao.com\/1\/?p=78491"},"modified":"2018-12-28T08:30:43","modified_gmt":"2018-12-28T11:30:43","slug":"comitiva-internacional-veio-conhecer-os-projetos-ambientais-desenvolvidos-em-camalau","status":"publish","type":"post","link":"https:\/\/www.caririemacao.com\/1\/2018\/12\/28\/comitiva-internacional-veio-conhecer-os-projetos-ambientais-desenvolvidos-em-camalau\/","title":{"rendered":"Comitiva internacional veio conhecer os projetos ambientais desenvolvidos em Camala\u00fa"},"content":{"rendered":"<p>Neste \u00faltimo dia onze de dezembro, recebemos em Camala\u00fa-PB, uma comitiva internacional que veio conhecer os projetos ambientais desenvolvidos em nosso munic\u00edpio. A comitiva foi composta pelo Gerente da 5\u00aa Ger\u00eancia Estadual de Educa\u00e7\u00e3o, Ary Prata; pelo co-fundador do Centro de Ecologia Criativa e fundador do Kibbutz Lotan de Israel, Alex Cicelsky, dos Estados Unidos; pela Embaixadora Internacional da Global Ecovillage Network e tamb\u00e9m Global Business Developer do Kibutz Lotan, Maya Galimidi, da Turquia e pela co-fundadora da Volunteers World Brazil, Paola Amanda. Algumas autoridades pol\u00edticas estiveram presentes na solenidade de recep\u00e7\u00e3o da comitiva, como o Prefeito Constitucional de Camala\u00fa, Alecsandro Bezerra; os vereadores Bhira Mariano e C\u00e9lio; os secret\u00e1rios municipais Maric\u00e9lio Janu\u00e1rio, N\u00eago e Jeferson (Congo). Alunos e professores da Escola Estadual Pedro Bezerra Filho, artistas, atletas, agricultores e populares se fizerem presentes para recepcionar a comitiva. Nos reunimos no Centro de Estudos Hol\u00edsticos e Agroecol\u00f3gicos \u201cJos\u00e9 Mariano Farias\u201d, tendo como anfitri\u00e3o, o professor Ant\u00f4nio Mariano Sobrinho. Na oportunidade, a comunidade caririzeira pode conhecer um pouco do trabalho desenvolvido no Sul de Israel com experimentos pioneiros em produ\u00e7\u00e3o de alimentos org\u00e2nicos no deserto e constru\u00e7\u00e3o eficiente de energia usando materiais naturais, trabalho este, desenvolvido no Kibbutz Lotan (http:\/\/kibbutzlotan.com\/cfce\/about-us\/?lang=en). Al\u00e9m do trabalho da ONG Volunteers World Brazil (https:\/\/web.facebook.com\/volunteersworld.br\/), que tem realizado v\u00e1rios projetos volunt\u00e1rios, sociais, culturais, workshop e interc\u00e2mbio, se destacando inclusive, no envio de v\u00e1rios volunt\u00e1rios brasileiros para prestarem servi\u00e7os em Israel.<\/p>\n<div class=\"NBtZ9okH\"><ins class=\"adsbygoogle\" data-ad-client=\"ca-pub-2976411263599525\" data-ad-slot=\"7993921194\" data-ad-format=\"auto\" data-adsbygoogle-status=\"done\"><ins id=\"aswift_1_expand\"><ins id=\"aswift_1_anchor\"><\/ins><\/ins><\/ins>O evento aconteceu em virtude de um Programa do Governo do Estado da Para\u00edba, Gira Mundo Israel, que teve um dos seus projetos desenvolvidos em Camala\u00fa, mais especificamente no s\u00edtio Viegas, com o apoio do agr\u00f4nomo Mardem Sousa e orienta\u00e7\u00e3o do Doutor Daniel Duarte Pereira, envolvendo mais de quarenta alunos da rede estadual de educa\u00e7\u00e3o. Os membros da comitiva puderam conhecer um pouco da nossa cultura por meio do grupo de capoeira do Mestre Welton Barros, das Bandas de P\u00edfanos de Camala\u00fa, da Orquestra Sanf\u00f4nica Mirim, da renda Renascen\u00e7a, do artesanato de Paulo C\u00e9sar, do artesanato da APESCA, dos doces de Dona Maria Chupita, dos livros do escritor Ant\u00f4nio Mariano Sobrinho. Ao final do dia, foi feita uma visita t\u00e9cnica na unidade experimental do Projeto \u201cJuventude e Meio Ambiente: recupera\u00e7\u00e3o da mata ciliar do Rio Para\u00edba do Norte\u201d, dirigido pelo professor Ezequiel S\u00f3stenes. Um dia inesquec\u00edvel para todos n\u00f3s, que eleva o nome do nosso munic\u00edpio e integra cada vez mais a nossa comunidade local com a comunidade internacional.<\/div>\n","protected":false},"excerpt":{"rendered":"<p>Neste \u00faltimo dia onze de dezembro, recebemos em Camala\u00fa-PB, uma comitiva internacional que veio conhecer os projetos ambientais desenvolvidos em nosso munic\u00edpio. A comitiva foi&hellip; <\/p>\n","protected":false},"author":1,"featured_media":78492,"comment_status":"closed","ping_status":"closed","sticky":false,"template":"","format":"standard","meta":{"sfsi_plus_gutenberg_text_before_share":"","sfsi_plus_gutenberg_show_text_before_share":"","sfsi_plus_gutenberg_icon_type":"","sfsi_plus_gutenberg_icon_alignemt":"","sfsi_plus_gutenburg_max_per_row":"","footnotes":""},"categories":[6],"tags":[],"class_list":["post-78491","post","type-post","status-publish","format-standard","has-post-thumbnail","hentry","category-cidades"],"_links":{"self":[{"href":"https:\/\/www.caririemacao.com\/1\/wp-json\/wp\/v2\/posts\/78491","targetHints":{"allow":["GET"]}}],"collection":[{"href":"https:\/\/www.caririemacao.com\/1\/wp-json\/wp\/v2\/posts"}],"about":[{"href":"https:\/\/www.caririemacao.com\/1\/wp-json\/wp\/v2\/types\/post"}],"author":[{"embeddable":true,"href":"https:\/\/www.caririemacao.com\/1\/wp-json\/wp\/v2\/users\/1"}],"replies":[{"embeddable":true,"href":"https:\/\/www.caririemacao.com\/1\/wp-json\/wp\/v2\/comments?post=78491"}],"version-history":[{"count":1,"href":"https:\/\/www.caririemacao.com\/1\/wp-json\/wp\/v2\/posts\/78491\/revisions"}],"predecessor-version":[{"id":78493,"href":"https:\/\/www.caririemacao.com\/1\/wp-json\/wp\/v2\/posts\/78491\/revisions\/78493"}],"wp:featuredmedia":[{"embeddable":true,"href":"https:\/\/www.caririemacao.com\/1\/wp-json\/wp\/v2\/media\/78492"}],"wp:attachment":[{"href":"https:\/\/www.caririemacao.com\/1\/wp-json\/wp\/v2\/media?parent=78491"}],"wp:term":[{"taxonomy":"category","embeddable":true,"href":"https:\/\/www.caririemacao.com\/1\/wp-json\/wp\/v2\/categories?post=78491"},{"taxonomy":"post_tag","embeddable":true,"href":"https:\/\/www.caririemacao.com\/1\/wp-json\/wp\/v2\/tags?post=78491"}],"curies":[{"name":"wp","href":"https:\/\/api.w.org\/{rel}","templated":true}]}}