{"id":78497,"date":"2018-12-28T08:56:33","date_gmt":"2018-12-28T11:56:33","guid":{"rendered":"http:\/\/www.caririemacao.com\/1\/?p=78497"},"modified":"2018-12-28T08:56:33","modified_gmt":"2018-12-28T11:56:33","slug":"desemprego-em-novembro-cai-a-116-com-recorde-de-trabalho-informal-informa-ibge","status":"publish","type":"post","link":"https:\/\/www.caririemacao.com\/1\/2018\/12\/28\/desemprego-em-novembro-cai-a-116-com-recorde-de-trabalho-informal-informa-ibge\/","title":{"rendered":"Desemprego em novembro cai a 11,6% com recorde de trabalho informal, informa IBGE"},"content":{"rendered":"<p>A taxa de desemprego no pa\u00eds no trimestre encerrado em novembro ficou em 11,6%, divulgou o IBGE na manh\u00e3 desta sexta-feira (28). O resultado representou queda frente ao registrado no trimestre encerrado em agosto, quando a taxa esteve em 12,1%. J\u00e1 na compara\u00e7\u00e3o com a taxa de novembro de 2017, o desemprego teve alta\/baixa de 12%.<\/p>\n<p>O pa\u00eds fechou o trimestre encerrado em novembro com 12,2 milh\u00f5es de desocupados, que s\u00e3o pessoas desempregadas, mas que est\u00e3o em busca de coloca\u00e7\u00e3o. Esse n\u00famero caiu em 501 mil pessoas na passagem dos trimestres encerrados em agosto e novembro. No intervalo de um ano, o pa\u00eds registrou 364 mil mil pessoas a desocupadas a menos.<\/p>\n<p>Os dados s\u00e3o da Pnad Cont\u00ednua, pesquisa domiciliar do IBGE de abrang\u00eancia nacional e que contabiliza empregos formais e informais.<br \/>\nA taxa de desemprego no pa\u00eds tem experimentado quedas desde o ano passado em raz\u00e3o do aumento dos trabalhos informais, que crescem a medida que reduzem os postos com carteira de trabalho assinada.<\/p>\n<div id=\"attachment_162185\" class=\"wp-caption aligncenter\"><img decoding=\"async\" class=\"wp-image-162185 size-medium lazyload\" data-src=\"https:\/\/paraibaonline.com.br\/wp-content\/uploads\/2017\/07\/CARTEIRA-SINE-556x417.jpg\" data-srcset=\"https:\/\/paraibaonline.com.br\/wp-content\/uploads\/2017\/07\/CARTEIRA-SINE-556x417.jpg 556w, https:\/\/paraibaonline.com.br\/wp-content\/uploads\/2017\/07\/CARTEIRA-SINE.jpg 800w\" alt=\"\" src=\"data:image\/svg+xml;base64,PHN2ZyB3aWR0aD0iMSIgaGVpZ2h0PSIxIiB4bWxucz0iaHR0cDovL3d3dy53My5vcmcvMjAwMC9zdmciPjwvc3ZnPg==\" style=\"--smush-placeholder-width: 556px; --smush-placeholder-aspect-ratio: 556\/417;\" \/><\/p>\n<p class=\"wp-caption-text\">Foto: ABr<\/p>\n<\/div>\n<p>O volume de pessoas empregadas no pa\u00eds foi recorde desde o in\u00edcio da s\u00e9rie hist\u00f3rica, em raz\u00e3o de recordes tamb\u00e9m na gera\u00e7\u00e3o de vagas sem carteira assinada ou de trabalho por conta pr\u00f3pria.<\/p>\n<p>O contingente de ocupados no pa\u00eds, que s\u00e3o as pessoas que est\u00e3o de fato em um trabalho, informal ou n\u00e3o, atingiu 93,1 milh\u00f5es de pessoas no trimestre encerrado em novembro, alta de 1,1 milh\u00e3o de pessoas frente ao trimestre imediatamente anterior. No intervalo de um ano, os ocupados tiveram aumento de 1,2 milh\u00e3o de pessoas.<\/p>\n<p>Os trabalhadores sem carteira assinada somaram 11,6 milh\u00f5es, alta de 4,5% ou 498 mil pessoas em rela\u00e7\u00e3o ao trimestre encerado em agosto. No intervalo de um ano, foram criadas 522 mil vagas sem carteira.<\/p>\n<p>J\u00e1 os trabalhadores por conta pr\u00f3pria, que s\u00e3o aut\u00f4nomos sem funcion\u00e1rios, encerraram novembro em 23,8 milh\u00f5es de pessoas, alta de 2,3% ou 528 mil novas a mais nessa situa\u00e7\u00e3o. Na compara\u00e7\u00e3o inter anual, 771 mil pessoas passaram a essa condi\u00e7\u00e3o neste ano.<\/p>\n<p>&nbsp;<\/p>\n<p>FolhaPress<\/p>\n","protected":false},"excerpt":{"rendered":"<p>A taxa de desemprego no pa\u00eds no trimestre encerrado em novembro ficou em 11,6%, divulgou o IBGE na manh\u00e3 desta sexta-feira (28). O resultado representou&hellip; <\/p>\n","protected":false},"author":1,"featured_media":39402,"comment_status":"closed","ping_status":"closed","sticky":false,"template":"","format":"standard","meta":{"sfsi_plus_gutenberg_text_before_share":"","sfsi_plus_gutenberg_show_text_before_share":"","sfsi_plus_gutenberg_icon_type":"","sfsi_plus_gutenberg_icon_alignemt":"","sfsi_plus_gutenburg_max_per_row":"","footnotes":""},"categories":[2],"tags":[],"class_list":["post-78497","post","type-post","status-publish","format-standard","has-post-thumbnail","hentry","category-geral"],"_links":{"self":[{"href":"https:\/\/www.caririemacao.com\/1\/wp-json\/wp\/v2\/posts\/78497","targetHints":{"allow":["GET"]}}],"collection":[{"href":"https:\/\/www.caririemacao.com\/1\/wp-json\/wp\/v2\/posts"}],"about":[{"href":"https:\/\/www.caririemacao.com\/1\/wp-json\/wp\/v2\/types\/post"}],"author":[{"embeddable":true,"href":"https:\/\/www.caririemacao.com\/1\/wp-json\/wp\/v2\/users\/1"}],"replies":[{"embeddable":true,"href":"https:\/\/www.caririemacao.com\/1\/wp-json\/wp\/v2\/comments?post=78497"}],"version-history":[{"count":1,"href":"https:\/\/www.caririemacao.com\/1\/wp-json\/wp\/v2\/posts\/78497\/revisions"}],"predecessor-version":[{"id":78498,"href":"https:\/\/www.caririemacao.com\/1\/wp-json\/wp\/v2\/posts\/78497\/revisions\/78498"}],"wp:featuredmedia":[{"embeddable":true,"href":"https:\/\/www.caririemacao.com\/1\/wp-json\/wp\/v2\/media\/39402"}],"wp:attachment":[{"href":"https:\/\/www.caririemacao.com\/1\/wp-json\/wp\/v2\/media?parent=78497"}],"wp:term":[{"taxonomy":"category","embeddable":true,"href":"https:\/\/www.caririemacao.com\/1\/wp-json\/wp\/v2\/categories?post=78497"},{"taxonomy":"post_tag","embeddable":true,"href":"https:\/\/www.caririemacao.com\/1\/wp-json\/wp\/v2\/tags?post=78497"}],"curies":[{"name":"wp","href":"https:\/\/api.w.org\/{rel}","templated":true}]}}