{"id":78499,"date":"2018-12-28T08:58:13","date_gmt":"2018-12-28T11:58:13","guid":{"rendered":"http:\/\/www.caririemacao.com\/1\/?p=78499"},"modified":"2018-12-28T08:58:13","modified_gmt":"2018-12-28T11:58:13","slug":"bota-pb-segue-pre-temporada-e-tem-datas-de-jogos-do-paraibano-modificadas","status":"publish","type":"post","link":"https:\/\/www.caririemacao.com\/1\/2018\/12\/28\/bota-pb-segue-pre-temporada-e-tem-datas-de-jogos-do-paraibano-modificadas\/","title":{"rendered":"Bota-PB segue pr\u00e9-temporada e tem datas de jogos do Paraibano modificadas"},"content":{"rendered":"<p><!------------------->\u00a0\u00a0\u00a0\u00a0\u00a0\u00a0\u00a0<!--banner-editoria-->\u00a0\u00a0\u00a0\u00a0\u00a0\u00a0\u00a0<!------------------->\u00a0\u00a0\u00a0\u00a0\u00a0\u00a0\u00a0\u00a0\u00a0\u00a0\u00a0\u00a0\u00a0<!------------------->\u00a0\u00a0\u00a0\u00a0\u00a0\u00a0\u00a0<!-------fim--------->\u00a0\u00a0\u00a0\u00a0\u00a0\u00a0\u00a0<!------------------->\u00a0\u00a0\u00a0\u00a0\u00a0\u00a0\u00a0\u00a0\u00a0\u00a0\u00a0\u00a0<!--conte\u00fado--><\/p>\n<div class=\"content\">\n<p>O Botafogo-PB voltou aos trabalhos ap\u00f3s a folga para o Natal na quarta-feira (26), e a atividade teve como novidades as voltas do meia Marcos Aur\u00e9lio e do lateral esquerdo F\u00e1bio Alves, que desfalcaram o time no amistoso contra o Am\u00e9rica-RN, que acabou com vit\u00f3ria do Belo por 2 a 1, por estarem sentindo dores musculares. Ambos, no entanto, n\u00e3o preocupam para o seguimento da pr\u00e9-temporada<\/p>\n<p>No retorno \u00e0s atividades houve trabalho f\u00edsico e j\u00e1 movimenta\u00e7\u00e3o t\u00e1tica, esta sob o comando do treinador Evaristo Piza, que prepara a equipe para enfrentar o Mec\u00e3o mais uma vez, agora no est\u00e1dio Almeid\u00e3o, no domingo (30).<\/p>\n<div id=\"attachment_548425\" class=\"wp-caption alignnone\"><img decoding=\"async\" class=\"wp-image-548425 size-medium lazyload\" data-src=\"https:\/\/paraibaonline.com.br\/wp-content\/uploads\/2018\/12\/botafogo-567x349.jpg\" data-srcset=\"https:\/\/paraibaonline.com.br\/wp-content\/uploads\/2018\/12\/botafogo-567x349.jpg 567w, https:\/\/paraibaonline.com.br\/wp-content\/uploads\/2018\/12\/botafogo.jpg 800w\" alt=\"\" src=\"data:image\/svg+xml;base64,PHN2ZyB3aWR0aD0iMSIgaGVpZ2h0PSIxIiB4bWxucz0iaHR0cDovL3d3dy53My5vcmcvMjAwMC9zdmciPjwvc3ZnPg==\" style=\"--smush-placeholder-width: 567px; --smush-placeholder-aspect-ratio: 567\/349;\" \/><\/p>\n<p class=\"wp-caption-text\">Foto: Ascom\/Botafogo<\/p>\n<\/div>\n<p>Inicialmente o pre\u00e7o dos ingressos para os s\u00f3cio-torcedores seria de R$ 10. Por\u00e9m, ap\u00f3s reportagem do Portal Correio, a diretoria botafoguense voltou atr\u00e1s e n\u00e3o ir\u00e1 mais cobrar entrada dos associados.<\/p>\n<p>Quem n\u00e3o for s\u00f3cio do clube ter\u00e1 que desembolsar R$ 15 pelo bilhete da arquibancada sombra, enquanto quem preferir ir para as cadeiras numeradas vai pagar R$ 20.<\/p>\n<p>O Belo estreia no Campeonato Paraibano no dia 12 de janeiro, no est\u00e1dio Almeid\u00e3o, enfrentando a Perilima, rec\u00e9m-promovida da segunda divis\u00e3o.<\/p>\n<p><strong>Mudan\u00e7a no Cl\u00e1ssico<\/strong><\/p>\n<p>Se a data para estreia no estadual tem data definida, as bagun\u00e7as costumeiras na formata\u00e7\u00e3o campeonato j\u00e1 trouxeram as primeiras consequ\u00eancias.<\/p>\n<p>O Cl\u00e1ssico Emo\u00e7\u00e3o entre Botafogo-PB e Campinense, que estava marcado para o dia 2 de fevereiro, mesmo dia em que o Belo enfrenta o Fortaleza pela Copa do Nordeste, foi adiantado para o dia 30 de janeiro, \u00e0s 21h30, no est\u00e1dio Amig\u00e3o, em Campina Grande.<\/p>\n<p>Outro jogo do time da Maravilha do Contorno que teve que ser modificado foi o d\u00e9rbi contra o CSP, que havia sido agendado para o dia 23 de mar\u00e7o. Por\u00e9m, o Belo pega o Sampaio Corr\u00eaa-MA, tamb\u00e9m pelo Nordest\u00e3o, no dia seguinte. Assim, o confronto contra o Tigre foi remarcado para o dia 27 de mar\u00e7o.<\/p>\n<p>Como este duelo \u00e9 na \u00faltima rodada da primeira fase, existe a possibilidade de que todas as partidas que seriam no dia 23 passem tamb\u00e9m para o dia 27.<\/p>\n<\/div>\n","protected":false},"excerpt":{"rendered":"<p>\u00a0\u00a0\u00a0\u00a0\u00a0\u00a0\u00a0\u00a0\u00a0\u00a0\u00a0\u00a0\u00a0\u00a0\u00a0\u00a0\u00a0\u00a0\u00a0\u00a0\u00a0\u00a0\u00a0\u00a0\u00a0\u00a0\u00a0\u00a0\u00a0\u00a0\u00a0\u00a0\u00a0\u00a0\u00a0\u00a0\u00a0\u00a0\u00a0\u00a0\u00a0\u00a0\u00a0\u00a0\u00a0\u00a0\u00a0\u00a0\u00a0\u00a0\u00a0\u00a0\u00a0 O Botafogo-PB voltou aos trabalhos ap\u00f3s a folga para o Natal na quarta-feira (26), e a atividade teve como novidades as voltas do meia&hellip; <\/p>\n","protected":false},"author":1,"featured_media":78500,"comment_status":"closed","ping_status":"closed","sticky":false,"template":"","format":"standard","meta":{"sfsi_plus_gutenberg_text_before_share":"","sfsi_plus_gutenberg_show_text_before_share":"","sfsi_plus_gutenberg_icon_type":"","sfsi_plus_gutenberg_icon_alignemt":"","sfsi_plus_gutenburg_max_per_row":"","footnotes":""},"categories":[13],"tags":[],"class_list":["post-78499","post","type-post","status-publish","format-standard","has-post-thumbnail","hentry","category-esportes"],"_links":{"self":[{"href":"https:\/\/www.caririemacao.com\/1\/wp-json\/wp\/v2\/posts\/78499","targetHints":{"allow":["GET"]}}],"collection":[{"href":"https:\/\/www.caririemacao.com\/1\/wp-json\/wp\/v2\/posts"}],"about":[{"href":"https:\/\/www.caririemacao.com\/1\/wp-json\/wp\/v2\/types\/post"}],"author":[{"embeddable":true,"href":"https:\/\/www.caririemacao.com\/1\/wp-json\/wp\/v2\/users\/1"}],"replies":[{"embeddable":true,"href":"https:\/\/www.caririemacao.com\/1\/wp-json\/wp\/v2\/comments?post=78499"}],"version-history":[{"count":1,"href":"https:\/\/www.caririemacao.com\/1\/wp-json\/wp\/v2\/posts\/78499\/revisions"}],"predecessor-version":[{"id":78501,"href":"https:\/\/www.caririemacao.com\/1\/wp-json\/wp\/v2\/posts\/78499\/revisions\/78501"}],"wp:featuredmedia":[{"embeddable":true,"href":"https:\/\/www.caririemacao.com\/1\/wp-json\/wp\/v2\/media\/78500"}],"wp:attachment":[{"href":"https:\/\/www.caririemacao.com\/1\/wp-json\/wp\/v2\/media?parent=78499"}],"wp:term":[{"taxonomy":"category","embeddable":true,"href":"https:\/\/www.caririemacao.com\/1\/wp-json\/wp\/v2\/categories?post=78499"},{"taxonomy":"post_tag","embeddable":true,"href":"https:\/\/www.caririemacao.com\/1\/wp-json\/wp\/v2\/tags?post=78499"}],"curies":[{"name":"wp","href":"https:\/\/api.w.org\/{rel}","templated":true}]}}