{"id":78502,"date":"2018-12-28T08:59:50","date_gmt":"2018-12-28T11:59:50","guid":{"rendered":"http:\/\/www.caririemacao.com\/1\/?p=78502"},"modified":"2018-12-28T08:59:50","modified_gmt":"2018-12-28T11:59:50","slug":"brasil-e-israel-vao-discutir-novos-rumos-diz-bolsonaro-no-twitter","status":"publish","type":"post","link":"https:\/\/www.caririemacao.com\/1\/2018\/12\/28\/brasil-e-israel-vao-discutir-novos-rumos-diz-bolsonaro-no-twitter\/","title":{"rendered":"Brasil e Israel v\u00e3o discutir \u201cnovos rumos\u201d, diz Bolsonaro no Twitter"},"content":{"rendered":"<p>O presidente eleito Jair Bolsonaro publicou na noite de desta quinta-feira (27) no Twitter que vai discutir \u201cnovos rumos\u201d nas rela\u00e7\u00f5es entre o Brasil e Israel e que aguarda o primeiro-ministro israelense Benjamin Netanyahu, que chega nesta sexta-feira (28) ao pa\u00eds.<\/p>\n<p>\u201cEspero a chegada e visita do Primeiro-Ministro @netanyahu. Nos reuniremos e discutiremos novos rumos para nossas na\u00e7\u00f5es. As expectativas s\u00e3o as melhores para este momento in\u00e9dito de nossa hist\u00f3ria\u201d, disse Bolsonaro.<\/p>\n<p>Em um segundo tu\u00edte, publicado quinze minutos depois na rede social, Bolsonaro destacou que \u201cIsrael \u00e9 refer\u00eancia mundial em tecnologia para diversos servi\u00e7os e isso nos interessa\u201d.<\/p>\n<p>O presidente eleito\u00a0deve se reunir\u00a0com o primeiro-ministro de Israel em um almo\u00e7o no Forte de Copacabana, zona sul do Rio de Janeiro nesta sexta-feira, um dia antes da mudan\u00e7a de Bolsonaro e da fam\u00edlia para Bras\u00edlia. A conversa ocorre ap\u00f3s Bolsonaro dizer que pretende transferir a Embaixada do Brasil de Tel Aviv para Jerusal\u00e9m.<\/p>\n<p>O primeiro-ministro de Israel deve ser\u00a0um dos\u00a012 chefes de Estado\u00a0presentes na posse de Jair Bolsonaro na pr\u00f3xima ter\u00e7a-feira (1\u00ba).\u00a0Entre outros, est\u00e3o os presidentes Mauricio Macri (Argentina), Sebasti\u00e1n Pi\u00f1era (Chile), Mario Abdo Ben\u00edtez (Paraguai) e Marcelo Rebelo de Sousa (Portugal) e o secret\u00e1rio de Estado dos Estados Unidos, Mike Pompeo.<\/p>\n","protected":false},"excerpt":{"rendered":"<p>O presidente eleito Jair Bolsonaro publicou na noite de desta quinta-feira (27) no Twitter que vai discutir \u201cnovos rumos\u201d nas rela\u00e7\u00f5es entre o Brasil e&hellip; <\/p>\n","protected":false},"author":1,"featured_media":75591,"comment_status":"closed","ping_status":"closed","sticky":false,"template":"","format":"standard","meta":{"sfsi_plus_gutenberg_text_before_share":"","sfsi_plus_gutenberg_show_text_before_share":"","sfsi_plus_gutenberg_icon_type":"","sfsi_plus_gutenberg_icon_alignemt":"","sfsi_plus_gutenburg_max_per_row":"","footnotes":""},"categories":[11],"tags":[],"class_list":["post-78502","post","type-post","status-publish","format-standard","has-post-thumbnail","hentry","category-politica"],"_links":{"self":[{"href":"https:\/\/www.caririemacao.com\/1\/wp-json\/wp\/v2\/posts\/78502","targetHints":{"allow":["GET"]}}],"collection":[{"href":"https:\/\/www.caririemacao.com\/1\/wp-json\/wp\/v2\/posts"}],"about":[{"href":"https:\/\/www.caririemacao.com\/1\/wp-json\/wp\/v2\/types\/post"}],"author":[{"embeddable":true,"href":"https:\/\/www.caririemacao.com\/1\/wp-json\/wp\/v2\/users\/1"}],"replies":[{"embeddable":true,"href":"https:\/\/www.caririemacao.com\/1\/wp-json\/wp\/v2\/comments?post=78502"}],"version-history":[{"count":1,"href":"https:\/\/www.caririemacao.com\/1\/wp-json\/wp\/v2\/posts\/78502\/revisions"}],"predecessor-version":[{"id":78503,"href":"https:\/\/www.caririemacao.com\/1\/wp-json\/wp\/v2\/posts\/78502\/revisions\/78503"}],"wp:featuredmedia":[{"embeddable":true,"href":"https:\/\/www.caririemacao.com\/1\/wp-json\/wp\/v2\/media\/75591"}],"wp:attachment":[{"href":"https:\/\/www.caririemacao.com\/1\/wp-json\/wp\/v2\/media?parent=78502"}],"wp:term":[{"taxonomy":"category","embeddable":true,"href":"https:\/\/www.caririemacao.com\/1\/wp-json\/wp\/v2\/categories?post=78502"},{"taxonomy":"post_tag","embeddable":true,"href":"https:\/\/www.caririemacao.com\/1\/wp-json\/wp\/v2\/tags?post=78502"}],"curies":[{"name":"wp","href":"https:\/\/api.w.org\/{rel}","templated":true}]}}