{"id":78509,"date":"2018-12-28T09:10:28","date_gmt":"2018-12-28T12:10:28","guid":{"rendered":"http:\/\/www.caririemacao.com\/1\/?p=78509"},"modified":"2018-12-28T09:10:28","modified_gmt":"2018-12-28T12:10:28","slug":"indulto-de-natal-onze-presos-nao-retornam-apos-beneficio-na-pb","status":"publish","type":"post","link":"https:\/\/www.caririemacao.com\/1\/2018\/12\/28\/indulto-de-natal-onze-presos-nao-retornam-apos-beneficio-na-pb\/","title":{"rendered":"Indulto de Natal: Onze presos n\u00e3o retornam ap\u00f3s beneficio na PB"},"content":{"rendered":"<p>Onze presos n\u00e3o retornaram ap\u00f3s o indulto de Natal na Para\u00edba. Todos os foragidos s\u00e3o detentos da Penitenci\u00e1ria de Seguran\u00e7a M\u00e9dia em Mangabeira. O indulto natalino na Para\u00edba beneficiou 751 presos no estado. Deste n\u00famero 673 s\u00e3o detentos e 78 apenadas dos regimes aberto e semiaberto.<\/p>\n<p>Est\u00e3o inclu\u00eddos os homens da Penitenci\u00e1ria de Seguran\u00e7a M\u00e9dia Juiz Hitler Cantalice e as mulheres da Penitenci\u00e1ria de Reeduca\u00e7\u00e3o Feminina Maria J\u00falia Maranh\u00e3o. Eles aproveitaram a sa\u00edda tempor\u00e1ria a partir do s\u00e1bado (22), \u00e0s 5h e deveriam ter retornado at\u00e9 \u00e0s 20h do dia 26 de dezembro.<\/p>\n<p>A decis\u00e3o do indulto foi do juiz de Direito Titular da Vara de Execu\u00e7\u00e3o Penal, Carlos Neves da Franca Neto.<\/p>\n<p>&nbsp;<\/p>\n<p>PBAgora<\/p>\n<p>&nbsp;<\/p>\n","protected":false},"excerpt":{"rendered":"<p>Onze presos n\u00e3o retornaram ap\u00f3s o indulto de Natal na Para\u00edba. Todos os foragidos s\u00e3o detentos da Penitenci\u00e1ria de Seguran\u00e7a M\u00e9dia em Mangabeira. O indulto&hellip; <\/p>\n","protected":false},"author":1,"featured_media":78510,"comment_status":"closed","ping_status":"closed","sticky":false,"template":"","format":"standard","meta":{"sfsi_plus_gutenberg_text_before_share":"","sfsi_plus_gutenberg_show_text_before_share":"","sfsi_plus_gutenberg_icon_type":"","sfsi_plus_gutenberg_icon_alignemt":"","sfsi_plus_gutenburg_max_per_row":"","footnotes":""},"categories":[12],"tags":[],"class_list":["post-78509","post","type-post","status-publish","format-standard","has-post-thumbnail","hentry","category-policia"],"_links":{"self":[{"href":"https:\/\/www.caririemacao.com\/1\/wp-json\/wp\/v2\/posts\/78509","targetHints":{"allow":["GET"]}}],"collection":[{"href":"https:\/\/www.caririemacao.com\/1\/wp-json\/wp\/v2\/posts"}],"about":[{"href":"https:\/\/www.caririemacao.com\/1\/wp-json\/wp\/v2\/types\/post"}],"author":[{"embeddable":true,"href":"https:\/\/www.caririemacao.com\/1\/wp-json\/wp\/v2\/users\/1"}],"replies":[{"embeddable":true,"href":"https:\/\/www.caririemacao.com\/1\/wp-json\/wp\/v2\/comments?post=78509"}],"version-history":[{"count":1,"href":"https:\/\/www.caririemacao.com\/1\/wp-json\/wp\/v2\/posts\/78509\/revisions"}],"predecessor-version":[{"id":78511,"href":"https:\/\/www.caririemacao.com\/1\/wp-json\/wp\/v2\/posts\/78509\/revisions\/78511"}],"wp:featuredmedia":[{"embeddable":true,"href":"https:\/\/www.caririemacao.com\/1\/wp-json\/wp\/v2\/media\/78510"}],"wp:attachment":[{"href":"https:\/\/www.caririemacao.com\/1\/wp-json\/wp\/v2\/media?parent=78509"}],"wp:term":[{"taxonomy":"category","embeddable":true,"href":"https:\/\/www.caririemacao.com\/1\/wp-json\/wp\/v2\/categories?post=78509"},{"taxonomy":"post_tag","embeddable":true,"href":"https:\/\/www.caririemacao.com\/1\/wp-json\/wp\/v2\/tags?post=78509"}],"curies":[{"name":"wp","href":"https:\/\/api.w.org\/{rel}","templated":true}]}}