{"id":78516,"date":"2018-12-28T09:16:27","date_gmt":"2018-12-28T12:16:27","guid":{"rendered":"http:\/\/www.caririemacao.com\/1\/?p=78516"},"modified":"2018-12-28T09:16:27","modified_gmt":"2018-12-28T12:16:27","slug":"juros-do-cartao-de-credito-e-do-cheque-especial-alcancam-300-em-novembro","status":"publish","type":"post","link":"https:\/\/www.caririemacao.com\/1\/2018\/12\/28\/juros-do-cartao-de-credito-e-do-cheque-especial-alcancam-300-em-novembro\/","title":{"rendered":"Juros do cart\u00e3o de cr\u00e9dito e do cheque especial alcan\u00e7am 300% em novembro"},"content":{"rendered":"<p>Os consumidores que ca\u00edram no rotativo do cart\u00e3o de cr\u00e9dito ou usaram cheque especial pagaram juros mais caros em novembro, de acordo com dados do Banco Central (BC), divulgados hoje (27).<\/p>\n<p>A taxa de juros do cheque especial subiu 5,3 pontos percentuais, em rela\u00e7\u00e3o a outubro, ao chegar em 305,7% ao ano, em novembro. As regras do cheque especial mudaram em julho. Segundo a Federa\u00e7\u00e3o Brasileira de Bancos (Febraban), os clientes que utilizam mais de 15% do limite do cheque durante 30 dias consecutivos passaram a receber a oferta de um parcelamento, com taxa de juros menores que a do cheque especial definida pela institui\u00e7\u00e3o financeira.<\/p>\n<p>A taxa m\u00e9dia do rotativo do cart\u00e3o de cr\u00e9dito subiu 4,1 pontos percentuais em rela\u00e7\u00e3o ao outubro, chegando a 279,8% ao ano, no m\u00eas passado.<\/p>\n<p>A taxa m\u00e9dia \u00e9 formada com base nos dados de consumidores adimplentes e inadimplentes. No caso do consumidor adimplente, que paga pelo menos o valor m\u00ednimo da fatura do cart\u00e3o em dia, a taxa chegou a 255,6% ao ano em novembro, com aumento de 2,4 pontos percentuais em rela\u00e7\u00e3o a outubro.<\/p>\n<p>J\u00e1 a taxa cobrada dos consumidores que n\u00e3o pagaram ou atrasaram o pagamento m\u00ednimo da fatura (rotativo n\u00e3o regular) subiu 5,7 pontos percentuais, indo para 296,8% ao ano.<\/p>\n<p>O rotativo \u00e9 o cr\u00e9dito tomado pelo consumidor quando paga menos que o valor integral da fatura do cart\u00e3o. O cr\u00e9dito rotativo dura 30 dias. Ap\u00f3s esse prazo, as institui\u00e7\u00f5es financeiras parcelam a d\u00edvida.<\/p>\n<p>Em abril, o Conselho Monet\u00e1rio Nacional (CMN) definiu que clientes inadimplentes no rotativo do cart\u00e3o de cr\u00e9dito passem a pagar a mesma taxa de juros dos consumidores regulares. Essa regra entrou em vigor em junho deste ano.<\/p>\n<p>Mesmo assim, a taxa final cobrada de adimplentes e inadimplentes n\u00e3o ser\u00e1 igual porque os bancos podem acrescentar \u00e0 cobran\u00e7a os juros pelo atraso e multa.<\/p>\n<h2>Modalidades caras<\/h2>\n<p>As taxas do cheque especial e do rotativo do cart\u00e3o s\u00e3o as mais caras entre as modalidades oferecidas pelos bancos. A do cr\u00e9dito pessoal, por exemplo, \u00e9 mais baixa: 122,9% ao ano em novembro, com redu\u00e7\u00e3o de 3,1 pontos percentuais na compara\u00e7\u00e3o com o m\u00eas anterior. A taxa do cr\u00e9dito consignado (com desconto em folha de pagamento) chegou a 24,3% ao ano, est\u00e1vel em rela\u00e7\u00e3o a outubro.<\/p>\n<p>A taxa m\u00e9dia de juros para as fam\u00edlias caiu 0,3 ponto percentual para 51,6% ao ano. A taxa m\u00e9dia das empresas caiu 0,1 ponto percentual, atingindo 20,3% ao ano.<\/p>\n<p>Questionado se as taxas de juros do cr\u00e9dito n\u00e3o deveriam estar mais baixas devido ao menor patamar hist\u00f3rico da taxa b\u00e1sica de juros, a Selic, em 6,5% ao ano, e a inadimpl\u00eancia no menor n\u00edvel j\u00e1 registrado, o chefe adjunto do Departamento de Estat\u00edsticas do BC, Renato Baldini, disse que h\u00e1 possibilidade de redu\u00e7\u00f5es adicionais. Segundo ele, de fato, a Selic em n\u00edvel baixo favorece a redu\u00e7\u00e3o dos juros, assim como a inadimpl\u00eancia menor e a redu\u00e7\u00e3o das incertezas em rela\u00e7\u00e3o \u00e0 economia brasileira. \u201cAs taxas de juros permanecem em n\u00edveis historicamente baixos, com possibilidade de redu\u00e7\u00f5es adicionais\u201d.<\/p>\n<h2>Inadimpl\u00eancia<\/h2>\n<p>A inadimpl\u00eancia do cr\u00e9dito, considerados atrasos acima de 90 dias, para pessoas f\u00edsicas, chegou a 4,8%, com redu\u00e7\u00e3o de 0,1 ponto percentual. No caso das pessoas jur\u00eddicas, houve recuo de 0,1 ponto percentual para 3%. Essas taxas de inadimpl\u00eancia s\u00e3o as menores da s\u00e9rie hist\u00f3rica do BC, iniciada em mar\u00e7o de 2011. Os dados s\u00e3o do cr\u00e9dito livre em que os bancos t\u00eam autonomia para emprestar o dinheiro captado no mercado.<\/p>\n<p>No caso do cr\u00e9dito direcionado (empr\u00e9stimos com regras definidas pelo governo, destinados, basicamente, aos setores habitacional, rural e de infraestrutura) os juros para as pessoas f\u00edsicas subiram 0,1 ponto percentual para 7,7% ao ano. A taxa cobrada das empresas caiu 0,5 ponto percentual para 9,2% ao ano. A inadimpl\u00eancia tanto das pessoas f\u00edsicas quanto das empresas caiu 0,1 ponto percentual para 1,6% e 2%, respectivamente.<\/p>\n<h2>Saldo dos empr\u00e9stimos<\/h2>\n<p>Em novembro, o estoque de todos os empr\u00e9stimos concedidos pelos bancos ficou em R$ 3,202 trilh\u00f5es, com aumento de 1,1% no m\u00eas e de 3,6% no ano. Em 12 meses, a expans\u00e3o chegou a 4,4%. Para este ano, segundo previs\u00e3o divulgada em setembro, o BC\u00a0projeta crescimento\u00a0do cr\u00e9dito em 4%.<\/p>\n<p>Esse estoque do cr\u00e9dito corresponde a 46,8% de tudo o que o pa\u00eds produz \u2013 Produto Interno Bruto (PIB) \u2013 com aumento de 0,2 ponto percentual em rela\u00e7\u00e3o a outubro. Em 12 meses, houve recuo de 0,2 ponto percentual.<\/p>\n<h2>Proje\u00e7\u00f5es para 2019<\/h2>\n<p>Para pr\u00f3ximo ano, o BC espera por uma expans\u00e3o maior do saldo do cr\u00e9dito, em 6%. No segmento de pessoas f\u00edsicas, a estimativa \u00e9 de alta de 7% no estoque de empr\u00e9stimos, \u201cem linha com a acelera\u00e7\u00e3o do consumo das fam\u00edlias\u201d, segundo o Relat\u00f3rio de Infla\u00e7\u00e3o, divulgado no \u00faltimo dia 20. Para pessoas jur\u00eddicas, a proje\u00e7\u00e3o \u00e9 de expans\u00e3o de 5%, \u201cinfluenciada, entre outros fatores, pela continuidade do processo de capta\u00e7\u00e3o de recursos por parte das empresas nos mercados externo e de capitais, em substitui\u00e7\u00e3o aos recursos do SFN [Sistema Financeiro Nacional]\u201d.<\/p>\n<p>A carteira de cr\u00e9dito livre deve crescer 10,5% e os empr\u00e9stimos do segmento direcionado, 1%.<\/p>\n<p>&nbsp;<\/p>\n<p>EBC<\/p>\n","protected":false},"excerpt":{"rendered":"<p>Os consumidores que ca\u00edram no rotativo do cart\u00e3o de cr\u00e9dito ou usaram cheque especial pagaram juros mais caros em novembro, de acordo com dados do&hellip; <\/p>\n","protected":false},"author":1,"featured_media":12558,"comment_status":"closed","ping_status":"closed","sticky":false,"template":"","format":"standard","meta":{"sfsi_plus_gutenberg_text_before_share":"","sfsi_plus_gutenberg_show_text_before_share":"","sfsi_plus_gutenberg_icon_type":"","sfsi_plus_gutenberg_icon_alignemt":"","sfsi_plus_gutenburg_max_per_row":"","footnotes":""},"categories":[2],"tags":[],"class_list":["post-78516","post","type-post","status-publish","format-standard","has-post-thumbnail","hentry","category-geral"],"_links":{"self":[{"href":"https:\/\/www.caririemacao.com\/1\/wp-json\/wp\/v2\/posts\/78516","targetHints":{"allow":["GET"]}}],"collection":[{"href":"https:\/\/www.caririemacao.com\/1\/wp-json\/wp\/v2\/posts"}],"about":[{"href":"https:\/\/www.caririemacao.com\/1\/wp-json\/wp\/v2\/types\/post"}],"author":[{"embeddable":true,"href":"https:\/\/www.caririemacao.com\/1\/wp-json\/wp\/v2\/users\/1"}],"replies":[{"embeddable":true,"href":"https:\/\/www.caririemacao.com\/1\/wp-json\/wp\/v2\/comments?post=78516"}],"version-history":[{"count":1,"href":"https:\/\/www.caririemacao.com\/1\/wp-json\/wp\/v2\/posts\/78516\/revisions"}],"predecessor-version":[{"id":78517,"href":"https:\/\/www.caririemacao.com\/1\/wp-json\/wp\/v2\/posts\/78516\/revisions\/78517"}],"wp:featuredmedia":[{"embeddable":true,"href":"https:\/\/www.caririemacao.com\/1\/wp-json\/wp\/v2\/media\/12558"}],"wp:attachment":[{"href":"https:\/\/www.caririemacao.com\/1\/wp-json\/wp\/v2\/media?parent=78516"}],"wp:term":[{"taxonomy":"category","embeddable":true,"href":"https:\/\/www.caririemacao.com\/1\/wp-json\/wp\/v2\/categories?post=78516"},{"taxonomy":"post_tag","embeddable":true,"href":"https:\/\/www.caririemacao.com\/1\/wp-json\/wp\/v2\/tags?post=78516"}],"curies":[{"name":"wp","href":"https:\/\/api.w.org\/{rel}","templated":true}]}}