{"id":78518,"date":"2018-12-28T09:18:52","date_gmt":"2018-12-28T12:18:52","guid":{"rendered":"http:\/\/www.caririemacao.com\/1\/?p=78518"},"modified":"2018-12-28T09:18:52","modified_gmt":"2018-12-28T12:18:52","slug":"falha-nos-arquivos-atrasa-em-um-dia-salario-dos-servidores-da-educacao-em-monteiro","status":"publish","type":"post","link":"https:\/\/www.caririemacao.com\/1\/2018\/12\/28\/falha-nos-arquivos-atrasa-em-um-dia-salario-dos-servidores-da-educacao-em-monteiro\/","title":{"rendered":"Falha nos arquivos atrasa em um dia sal\u00e1rio dos servidores da educa\u00e7\u00e3o em Monteiro"},"content":{"rendered":"<p>Uma falha nos arquivos que geram o cr\u00e9dito dos sal\u00e1rios dos funcion\u00e1rios do munic\u00edpio de Monteiro ocasionou o atraso no pagamento dos servidores lotados na Secretaria de Educa\u00e7\u00e3o, que receberiam seus vencimentos do m\u00eas de dezembro nesta sexta-feira, 28.Em virtude desta falha o sal\u00e1rio dos servidores da educa\u00e7\u00e3o s\u00f3 estar\u00e1 em conta no s\u00e1bado, 29, conforme informa\u00e7\u00f5es da secretaria de Finan\u00e7as Rosilda Henrique.<\/p>\n<p>Os demais servidores do munic\u00edpio ter\u00e3o seus sal\u00e1rios creditados ainda nesta sexta-feira.<\/p>\n<p>\u201cAinda com este atraso, estamos pagando os servidores municipais dentro do m\u00eas trabalhado e ainda adiantado conforme os pagamentos que vem sendo feito desde janeiro de 2017\u201d, confirma Rosilda Henrique.<\/p>\n<p>&nbsp;<\/p>\n<p>Ascom\/Monteiro<\/p>\n","protected":false},"excerpt":{"rendered":"<p>Uma falha nos arquivos que geram o cr\u00e9dito dos sal\u00e1rios dos funcion\u00e1rios do munic\u00edpio de Monteiro ocasionou o atraso no pagamento dos servidores lotados na&hellip; <\/p>\n","protected":false},"author":1,"featured_media":47421,"comment_status":"closed","ping_status":"closed","sticky":false,"template":"","format":"standard","meta":{"sfsi_plus_gutenberg_text_before_share":"","sfsi_plus_gutenberg_show_text_before_share":"","sfsi_plus_gutenberg_icon_type":"","sfsi_plus_gutenberg_icon_alignemt":"","sfsi_plus_gutenburg_max_per_row":"","footnotes":""},"categories":[6],"tags":[],"class_list":["post-78518","post","type-post","status-publish","format-standard","has-post-thumbnail","hentry","category-cidades"],"_links":{"self":[{"href":"https:\/\/www.caririemacao.com\/1\/wp-json\/wp\/v2\/posts\/78518","targetHints":{"allow":["GET"]}}],"collection":[{"href":"https:\/\/www.caririemacao.com\/1\/wp-json\/wp\/v2\/posts"}],"about":[{"href":"https:\/\/www.caririemacao.com\/1\/wp-json\/wp\/v2\/types\/post"}],"author":[{"embeddable":true,"href":"https:\/\/www.caririemacao.com\/1\/wp-json\/wp\/v2\/users\/1"}],"replies":[{"embeddable":true,"href":"https:\/\/www.caririemacao.com\/1\/wp-json\/wp\/v2\/comments?post=78518"}],"version-history":[{"count":1,"href":"https:\/\/www.caririemacao.com\/1\/wp-json\/wp\/v2\/posts\/78518\/revisions"}],"predecessor-version":[{"id":78519,"href":"https:\/\/www.caririemacao.com\/1\/wp-json\/wp\/v2\/posts\/78518\/revisions\/78519"}],"wp:featuredmedia":[{"embeddable":true,"href":"https:\/\/www.caririemacao.com\/1\/wp-json\/wp\/v2\/media\/47421"}],"wp:attachment":[{"href":"https:\/\/www.caririemacao.com\/1\/wp-json\/wp\/v2\/media?parent=78518"}],"wp:term":[{"taxonomy":"category","embeddable":true,"href":"https:\/\/www.caririemacao.com\/1\/wp-json\/wp\/v2\/categories?post=78518"},{"taxonomy":"post_tag","embeddable":true,"href":"https:\/\/www.caririemacao.com\/1\/wp-json\/wp\/v2\/tags?post=78518"}],"curies":[{"name":"wp","href":"https:\/\/api.w.org\/{rel}","templated":true}]}}