{"id":78531,"date":"2018-12-28T09:59:58","date_gmt":"2018-12-28T12:59:58","guid":{"rendered":"http:\/\/www.caririemacao.com\/1\/?p=78531"},"modified":"2018-12-28T09:59:58","modified_gmt":"2018-12-28T12:59:58","slug":"policia-civil-prende-suspeito-de-matar-vereador-em-camalau","status":"publish","type":"post","link":"https:\/\/www.caririemacao.com\/1\/2018\/12\/28\/policia-civil-prende-suspeito-de-matar-vereador-em-camalau\/","title":{"rendered":"Pol\u00edcia Civil prende suspeito de matar vereador em Camala\u00fa"},"content":{"rendered":"<p>A Pol\u00edcia Civil de Monteiro, por meio do Grupo T\u00e1tico Especial da 14\u00b0 DPSC de Monteiro, sob o comando dos delegados de pol\u00edcia, Dr. Gilson Duarte e Dr. Paulo \u00canio Rabelo, prenderam na manh\u00e3 desta quinta-feira (27), um homem suspeito de ter executado o vereador da cidade de Camala\u00fa, Adelmo Teoboaldo Farias, crime ocorrido no dia 8 de setembro deste ano, em Camala\u00fa. A pris\u00e3o do acusado aconteceu no Bairro Novo Coqueiral, munic\u00edpio de Toritama, no Pernambuco.<\/p>\n<p>De acordo com informa\u00e7\u00f5es da Pol\u00edcia, o crime foi praticado por dois indiv\u00edduos em uma motocicleta Honda CG, cor vermelha, e segundo o inqu\u00e9rito policial, foi praticado a mando de um tio do suspeito preso nesta quinta-feira.<\/p>\n<p>A pris\u00e3o ocorreu por for\u00e7a de mandado de pris\u00e3o tempor\u00e1ria expedido pela 1\u00aa da Comarca de Monteiro.<\/p>\n<p>O tio do suspeito preso \u00e9 considerado foragido e a pol\u00edcia segue a sua procura.<\/p>\n<p><strong>O CRIME<\/strong><\/p>\n<p>O vereador Adelmo Teobaldo Farias (PRP) foi morto a tiros num s\u00e1bado, 08 de setembro, por volta do meio-dia.<\/p>\n<p>Ele estava numa moto em uma estrada que d\u00e1 acesso a o conjunto da Cehap, onde morava, quando dois homens em outra moto se aproximaram e atiraram v\u00e1rias vezes. Tr\u00eas tiros atingiram a cabe\u00e7a do vereador.<\/p>\n<p>Os moradores do local n\u00e3o souberam explicar quem seriam os suspeitos nem quais os motivos do crime. Ele tinha 60 anos, estava no terceiro mandato e ocupava o cargo de 2\u00ba secret\u00e1rio da mesa diretora. A moto utilizada pela dupla foi localizada no s\u00edtio \u201cCangalha\u201d, em Camala\u00fa.<\/p>\n","protected":false},"excerpt":{"rendered":"<p>A Pol\u00edcia Civil de Monteiro, por meio do Grupo T\u00e1tico Especial da 14\u00b0 DPSC de Monteiro, sob o comando dos delegados de pol\u00edcia, Dr. Gilson&hellip; <\/p>\n","protected":false},"author":1,"featured_media":78532,"comment_status":"closed","ping_status":"closed","sticky":false,"template":"","format":"standard","meta":{"sfsi_plus_gutenberg_text_before_share":"","sfsi_plus_gutenberg_show_text_before_share":"","sfsi_plus_gutenberg_icon_type":"","sfsi_plus_gutenberg_icon_alignemt":"","sfsi_plus_gutenburg_max_per_row":"","footnotes":""},"categories":[12],"tags":[],"class_list":["post-78531","post","type-post","status-publish","format-standard","has-post-thumbnail","hentry","category-policia"],"_links":{"self":[{"href":"https:\/\/www.caririemacao.com\/1\/wp-json\/wp\/v2\/posts\/78531","targetHints":{"allow":["GET"]}}],"collection":[{"href":"https:\/\/www.caririemacao.com\/1\/wp-json\/wp\/v2\/posts"}],"about":[{"href":"https:\/\/www.caririemacao.com\/1\/wp-json\/wp\/v2\/types\/post"}],"author":[{"embeddable":true,"href":"https:\/\/www.caririemacao.com\/1\/wp-json\/wp\/v2\/users\/1"}],"replies":[{"embeddable":true,"href":"https:\/\/www.caririemacao.com\/1\/wp-json\/wp\/v2\/comments?post=78531"}],"version-history":[{"count":1,"href":"https:\/\/www.caririemacao.com\/1\/wp-json\/wp\/v2\/posts\/78531\/revisions"}],"predecessor-version":[{"id":78533,"href":"https:\/\/www.caririemacao.com\/1\/wp-json\/wp\/v2\/posts\/78531\/revisions\/78533"}],"wp:featuredmedia":[{"embeddable":true,"href":"https:\/\/www.caririemacao.com\/1\/wp-json\/wp\/v2\/media\/78532"}],"wp:attachment":[{"href":"https:\/\/www.caririemacao.com\/1\/wp-json\/wp\/v2\/media?parent=78531"}],"wp:term":[{"taxonomy":"category","embeddable":true,"href":"https:\/\/www.caririemacao.com\/1\/wp-json\/wp\/v2\/categories?post=78531"},{"taxonomy":"post_tag","embeddable":true,"href":"https:\/\/www.caririemacao.com\/1\/wp-json\/wp\/v2\/tags?post=78531"}],"curies":[{"name":"wp","href":"https:\/\/api.w.org\/{rel}","templated":true}]}}