{"id":78535,"date":"2018-12-28T10:04:57","date_gmt":"2018-12-28T13:04:57","guid":{"rendered":"http:\/\/www.caririemacao.com\/1\/?p=78535"},"modified":"2018-12-28T10:04:57","modified_gmt":"2018-12-28T13:04:57","slug":"virada-do-ano-tem-show-pirotecnico-e-atracao-artistica-em-monteiro","status":"publish","type":"post","link":"https:\/\/www.caririemacao.com\/1\/2018\/12\/28\/virada-do-ano-tem-show-pirotecnico-e-atracao-artistica-em-monteiro\/","title":{"rendered":"Virada do ano tem show pirot\u00e9cnico e atra\u00e7\u00e3o art\u00edstica em Monteiro"},"content":{"rendered":"<p>As boas vindas para o ano de 2019 acontecer\u00e1 mais um vez de forma bastante especial na cidade de Monteiro.<\/p>\n<p>A prefeita Anna Lorena e toda sua equipe de governo inovam e proporcionam aos monteirenses e turistas a tradicional queima de fogos acompanhada de um show art\u00edstico que acontecer na Pra\u00e7a Jo\u00e3o Pessoa, que este ano foi ornamentada para proporcionar um esp\u00edrito natalino e de renova\u00e7\u00e3o para a popula\u00e7\u00e3o.<\/p>\n<p>O show pirot\u00e9cnico acontece no A\u00e7ude P\u00fablico preservando a seguran\u00e7a ao p\u00fablico e poder\u00e1 ser observada da Pra\u00e7a Jo\u00e3o Pessoa em um momento de confraterniza\u00e7\u00e3o com a popula\u00e7\u00e3o.<\/p>\n<p>O show art\u00edstico com Musical Dias que tem in\u00edcio \u00e0s 23 horas continuar\u00e1 ap\u00f3s a queima de fogos.<\/p>\n<p>\u201cPara que 2019 seja comemorado com toda a alegria que o monteirenses e turistas merecem, preparamos uma programa\u00e7\u00e3<a name=\"_GoBack\"><\/a>o diferente neste fim de ano. Tivemos a especial chegada do Papai Noel e para o revellion n\u00e3o poderia ser diferente. Vamos comemorar e dan\u00e7ar bastante recebendo o novo ano\u201d, exprime a Prefeita Anna Lorena.<\/p>\n","protected":false},"excerpt":{"rendered":"<p>As boas vindas para o ano de 2019 acontecer\u00e1 mais um vez de forma bastante especial na cidade de Monteiro. A prefeita Anna Lorena e&hellip; <\/p>\n","protected":false},"author":1,"featured_media":78446,"comment_status":"closed","ping_status":"closed","sticky":false,"template":"","format":"standard","meta":{"sfsi_plus_gutenberg_text_before_share":"","sfsi_plus_gutenberg_show_text_before_share":"","sfsi_plus_gutenberg_icon_type":"","sfsi_plus_gutenberg_icon_alignemt":"","sfsi_plus_gutenburg_max_per_row":"","footnotes":""},"categories":[2],"tags":[],"class_list":["post-78535","post","type-post","status-publish","format-standard","has-post-thumbnail","hentry","category-geral"],"_links":{"self":[{"href":"https:\/\/www.caririemacao.com\/1\/wp-json\/wp\/v2\/posts\/78535","targetHints":{"allow":["GET"]}}],"collection":[{"href":"https:\/\/www.caririemacao.com\/1\/wp-json\/wp\/v2\/posts"}],"about":[{"href":"https:\/\/www.caririemacao.com\/1\/wp-json\/wp\/v2\/types\/post"}],"author":[{"embeddable":true,"href":"https:\/\/www.caririemacao.com\/1\/wp-json\/wp\/v2\/users\/1"}],"replies":[{"embeddable":true,"href":"https:\/\/www.caririemacao.com\/1\/wp-json\/wp\/v2\/comments?post=78535"}],"version-history":[{"count":1,"href":"https:\/\/www.caririemacao.com\/1\/wp-json\/wp\/v2\/posts\/78535\/revisions"}],"predecessor-version":[{"id":78537,"href":"https:\/\/www.caririemacao.com\/1\/wp-json\/wp\/v2\/posts\/78535\/revisions\/78537"}],"wp:featuredmedia":[{"embeddable":true,"href":"https:\/\/www.caririemacao.com\/1\/wp-json\/wp\/v2\/media\/78446"}],"wp:attachment":[{"href":"https:\/\/www.caririemacao.com\/1\/wp-json\/wp\/v2\/media?parent=78535"}],"wp:term":[{"taxonomy":"category","embeddable":true,"href":"https:\/\/www.caririemacao.com\/1\/wp-json\/wp\/v2\/categories?post=78535"},{"taxonomy":"post_tag","embeddable":true,"href":"https:\/\/www.caririemacao.com\/1\/wp-json\/wp\/v2\/tags?post=78535"}],"curies":[{"name":"wp","href":"https:\/\/api.w.org\/{rel}","templated":true}]}}