{"id":78540,"date":"2018-12-28T10:48:46","date_gmt":"2018-12-28T13:48:46","guid":{"rendered":"http:\/\/www.caririemacao.com\/1\/?p=78540"},"modified":"2018-12-28T10:48:46","modified_gmt":"2018-12-28T13:48:46","slug":"cia-black-art-apresenta-musical-em-monteiro","status":"publish","type":"post","link":"https:\/\/www.caririemacao.com\/1\/2018\/12\/28\/cia-black-art-apresenta-musical-em-monteiro\/","title":{"rendered":"Cia Black Art apresenta Musical em Monteiro"},"content":{"rendered":"<p>Na noite desta quarta-feira, dia 26, a Companhia de teatro e dan\u00e7a Black Art realizou sua \u00faltima apresenta\u00e7\u00e3o de 2018 com o Musical promovido anualmente pelo grupo monteirense \u201cCia. de Teatro e dan\u00e7a Black Art\u201d.<\/p>\n<p>O evento que est\u00e1 em sua 8\u00aa edi\u00e7\u00e3o, j\u00e1 sem duvida uma tradi\u00e7\u00e3o que objetiva descobrir talentos e divulgar a cultura de foma que as pessoas se interajam. O Musical tem a dire\u00e7\u00e3o de Wagner Pereira e se mant\u00e9m a partir do esfor\u00e7o de cada componente.<\/p>\n<p><img fetchpriority=\"high\" decoding=\"async\" class=\"alignnone wp-image-78544 size-large\" src=\"http:\/\/www.caririemacao.com\/1\/wp-content\/uploads\/2018\/12\/WhatsApp-Image-2018-12-28-at-11.40.02-1024x768.jpeg\" alt=\"\" width=\"800\" height=\"600\" srcset=\"https:\/\/www.caririemacao.com\/1\/wp-content\/uploads\/2018\/12\/WhatsApp-Image-2018-12-28-at-11.40.02-1024x768.jpeg 1024w, https:\/\/www.caririemacao.com\/1\/wp-content\/uploads\/2018\/12\/WhatsApp-Image-2018-12-28-at-11.40.02-300x225.jpeg 300w, https:\/\/www.caririemacao.com\/1\/wp-content\/uploads\/2018\/12\/WhatsApp-Image-2018-12-28-at-11.40.02-768x576.jpeg 768w, https:\/\/www.caririemacao.com\/1\/wp-content\/uploads\/2018\/12\/WhatsApp-Image-2018-12-28-at-11.40.02.jpeg 1032w\" sizes=\"(max-width: 800px) 100vw, 800px\" \/><\/p>\n<p>Para o diretor Wagner, o Musical abre as portas para que todos possam descobrir no que s\u00e3o bons, serve para unir as pessoas, principalmente os jovens, fazendo com que, eles ocupem a mente para que n\u00e3o se precise andar por caminhos errados.<\/p>\n<p><img decoding=\"async\" class=\"alignnone wp-image-78543 size-large lazyload\" data-src=\"http:\/\/www.caririemacao.com\/1\/wp-content\/uploads\/2018\/12\/WhatsApp-Image-2018-12-28-at-11.40.03-1024x768.jpeg\" alt=\"\" width=\"800\" height=\"600\" data-srcset=\"https:\/\/www.caririemacao.com\/1\/wp-content\/uploads\/2018\/12\/WhatsApp-Image-2018-12-28-at-11.40.03-1024x768.jpeg 1024w, https:\/\/www.caririemacao.com\/1\/wp-content\/uploads\/2018\/12\/WhatsApp-Image-2018-12-28-at-11.40.03-300x225.jpeg 300w, https:\/\/www.caririemacao.com\/1\/wp-content\/uploads\/2018\/12\/WhatsApp-Image-2018-12-28-at-11.40.03-768x576.jpeg 768w, https:\/\/www.caririemacao.com\/1\/wp-content\/uploads\/2018\/12\/WhatsApp-Image-2018-12-28-at-11.40.03.jpeg 1032w\" data-sizes=\"(max-width: 800px) 100vw, 800px\" src=\"data:image\/svg+xml;base64,PHN2ZyB3aWR0aD0iMSIgaGVpZ2h0PSIxIiB4bWxucz0iaHR0cDovL3d3dy53My5vcmcvMjAwMC9zdmciPjwvc3ZnPg==\" style=\"--smush-placeholder-width: 800px; --smush-placeholder-aspect-ratio: 800\/600;\" \/><\/p>\n<p>\u201cEsse ano tivemos 60 jovens participando do nosso evento, jovens que aprendem a ter compromisso, aprendem a fazer novas amizades e est\u00e3o aptos a se desenvolverem profissionalmente tamb\u00e9m\u201d, finalizou Wagner.<\/p>\n<p><img decoding=\"async\" class=\"alignnone wp-image-78542 size-large lazyload\" data-src=\"http:\/\/www.caririemacao.com\/1\/wp-content\/uploads\/2018\/12\/WhatsApp-Image-2018-12-28-at-11.40.04-1024x768.jpeg\" alt=\"\" width=\"800\" height=\"600\" data-srcset=\"https:\/\/www.caririemacao.com\/1\/wp-content\/uploads\/2018\/12\/WhatsApp-Image-2018-12-28-at-11.40.04-1024x768.jpeg 1024w, https:\/\/www.caririemacao.com\/1\/wp-content\/uploads\/2018\/12\/WhatsApp-Image-2018-12-28-at-11.40.04-300x225.jpeg 300w, https:\/\/www.caririemacao.com\/1\/wp-content\/uploads\/2018\/12\/WhatsApp-Image-2018-12-28-at-11.40.04-768x576.jpeg 768w, https:\/\/www.caririemacao.com\/1\/wp-content\/uploads\/2018\/12\/WhatsApp-Image-2018-12-28-at-11.40.04.jpeg 1032w\" data-sizes=\"(max-width: 800px) 100vw, 800px\" src=\"data:image\/svg+xml;base64,PHN2ZyB3aWR0aD0iMSIgaGVpZ2h0PSIxIiB4bWxucz0iaHR0cDovL3d3dy53My5vcmcvMjAwMC9zdmciPjwvc3ZnPg==\" style=\"--smush-placeholder-width: 800px; --smush-placeholder-aspect-ratio: 800\/600;\" \/><\/p>\n","protected":false},"excerpt":{"rendered":"<p>Na noite desta quarta-feira, dia 26, a Companhia de teatro e dan\u00e7a Black Art realizou sua \u00faltima apresenta\u00e7\u00e3o de 2018 com o Musical promovido anualmente&hellip; <\/p>\n","protected":false},"author":2,"featured_media":78541,"comment_status":"closed","ping_status":"closed","sticky":false,"template":"","format":"standard","meta":{"sfsi_plus_gutenberg_text_before_share":"","sfsi_plus_gutenberg_show_text_before_share":"","sfsi_plus_gutenberg_icon_type":"","sfsi_plus_gutenberg_icon_alignemt":"","sfsi_plus_gutenburg_max_per_row":"","footnotes":""},"categories":[2],"tags":[],"class_list":["post-78540","post","type-post","status-publish","format-standard","has-post-thumbnail","hentry","category-geral"],"_links":{"self":[{"href":"https:\/\/www.caririemacao.com\/1\/wp-json\/wp\/v2\/posts\/78540","targetHints":{"allow":["GET"]}}],"collection":[{"href":"https:\/\/www.caririemacao.com\/1\/wp-json\/wp\/v2\/posts"}],"about":[{"href":"https:\/\/www.caririemacao.com\/1\/wp-json\/wp\/v2\/types\/post"}],"author":[{"embeddable":true,"href":"https:\/\/www.caririemacao.com\/1\/wp-json\/wp\/v2\/users\/2"}],"replies":[{"embeddable":true,"href":"https:\/\/www.caririemacao.com\/1\/wp-json\/wp\/v2\/comments?post=78540"}],"version-history":[{"count":1,"href":"https:\/\/www.caririemacao.com\/1\/wp-json\/wp\/v2\/posts\/78540\/revisions"}],"predecessor-version":[{"id":78546,"href":"https:\/\/www.caririemacao.com\/1\/wp-json\/wp\/v2\/posts\/78540\/revisions\/78546"}],"wp:featuredmedia":[{"embeddable":true,"href":"https:\/\/www.caririemacao.com\/1\/wp-json\/wp\/v2\/media\/78541"}],"wp:attachment":[{"href":"https:\/\/www.caririemacao.com\/1\/wp-json\/wp\/v2\/media?parent=78540"}],"wp:term":[{"taxonomy":"category","embeddable":true,"href":"https:\/\/www.caririemacao.com\/1\/wp-json\/wp\/v2\/categories?post=78540"},{"taxonomy":"post_tag","embeddable":true,"href":"https:\/\/www.caririemacao.com\/1\/wp-json\/wp\/v2\/tags?post=78540"}],"curies":[{"name":"wp","href":"https:\/\/api.w.org\/{rel}","templated":true}]}}