{"id":78548,"date":"2018-12-28T11:16:32","date_gmt":"2018-12-28T14:16:32","guid":{"rendered":"http:\/\/www.caririemacao.com\/1\/?p=78548"},"modified":"2018-12-28T11:16:32","modified_gmt":"2018-12-28T14:16:32","slug":"netanyahu-se-reune-hoje-com-bolsonaro-e-fica-para-posse-no-dia-1","status":"publish","type":"post","link":"https:\/\/www.caririemacao.com\/1\/2018\/12\/28\/netanyahu-se-reune-hoje-com-bolsonaro-e-fica-para-posse-no-dia-1\/","title":{"rendered":"Netanyahu se re\u00fane hoje com Bolsonaro e fica para posse no dia 1\u00b0"},"content":{"rendered":"<p>O primeiro-ministro israelense, Benjamin Netanyahu, chega hoje (29), pela manh\u00e3 ao Rio de Janeiro. \u00c9 a primeira vez dele no Brasil onde fica at\u00e9 ter\u00e7a-feira (1\u00ba), quando participa da cerim\u00f4nia de posse do presidente eleito, Jair Bolsonaro. Nesta sexta-feira, eles almo\u00e7am no Forte de Copacabana. Tamb\u00e9m estar\u00e3o presentes os futuros ministros Ernesto Ara\u00fajo (Rela\u00e7\u00f5es Exteriores) e Fernando Azevedo (Defesa).<\/p>\n<p>Netanyahu desembarca no momento em que Bolsonaro defende a transfer\u00eancia da Embaixada do Brasil em Israel, de TelAviv para Jerusal\u00e9m. O primeiro pa\u00eds a adotar a mudan\u00e7a foi os Estados Unidos. A medida gera diverg\u00eancias, uma vez que Jerusal\u00e9m \u00e9 um territ\u00f3rio disputado por quest\u00f5es pol\u00edticas e religiosas entre judeus e mu\u00e7ulmanos.<\/p>\n<p>O primeiro-ministro visita o Rio e Bras\u00edlia em meio a dificuldades na pol\u00edtica interna israelense. Por falta de consenso em torno de um projeto que fixa novas regras para o servi\u00e7o militar, o Congresso de Israel antecipou em sete meses as elei\u00e7\u00f5es parlamentares que ocorrer\u00e3o em 9 de abril.<\/p>\n<h2>Agenda<\/h2>\n<p>No final da tarde, Netanyahu ir\u00e1 \u00e0 sinagoga Beit Yaakov para a cerim\u00f4nia religiosa do shabat. Nos dias em que ficar\u00e1 no Brasil, a agenda do primeiro-ministro ser\u00e1 intensa. No domingo, ele se re\u00fane com jornalistas, l\u00edderes da comunidade judaica e Amigos Crist\u00e3os de Israel.<\/p>\n<p>Na ter\u00e7a-feira (1\u00ba), o primeiro-ministro israelense segue do Rio para Bras\u00edlia, onde participa da solenidade de posse do presidente eleito. Antes Netanyahu se re\u00fane com o presidente de Honduras, Juan Orlando Hern\u00e1ndez, o secret\u00e1rio de Estado dos Estados Unidos, Mike Pompeo, e o \u00faltimo compromisso no Brasil ser\u00e1 com o presidente do Chile, Sebasti\u00e1n Pi\u00f1era.<\/p>\n<h2>Twitter<\/h2>\n<p>Ontem (27) \u00e0 noite, Bolsonaro publicou no Twitter que vai discutir \u201cnovos rumos\u201d nas rela\u00e7\u00f5es entre o Brasil e Israel. \u201cEspero a chegada e visita do Primeiro-Ministro @netanyahu. Nos reuniremos e discutiremos novos rumos para nossas na\u00e7\u00f5es. As expectativas s\u00e3o as melhores para este momento in\u00e9dito de nossa hist\u00f3ria.\u201d<\/p>\n<p>Em um segundo tu\u00edte, Bolsonaro destacou que \u201cIsrael \u00e9 refer\u00eancia mundial em tecnologia para diversos servi\u00e7os&#8221; e isso interessa ao Brasil.<\/p>\n<p>&nbsp;<\/p>\n<p>EBC<\/p>\n","protected":false},"excerpt":{"rendered":"<p>O primeiro-ministro israelense, Benjamin Netanyahu, chega hoje (29), pela manh\u00e3 ao Rio de Janeiro. \u00c9 a primeira vez dele no Brasil onde fica at\u00e9 ter\u00e7a-feira&hellip; <\/p>\n","protected":false},"author":1,"featured_media":78549,"comment_status":"closed","ping_status":"closed","sticky":false,"template":"","format":"standard","meta":{"sfsi_plus_gutenberg_text_before_share":"","sfsi_plus_gutenberg_show_text_before_share":"","sfsi_plus_gutenberg_icon_type":"","sfsi_plus_gutenberg_icon_alignemt":"","sfsi_plus_gutenburg_max_per_row":"","footnotes":""},"categories":[11],"tags":[],"class_list":["post-78548","post","type-post","status-publish","format-standard","has-post-thumbnail","hentry","category-politica"],"_links":{"self":[{"href":"https:\/\/www.caririemacao.com\/1\/wp-json\/wp\/v2\/posts\/78548","targetHints":{"allow":["GET"]}}],"collection":[{"href":"https:\/\/www.caririemacao.com\/1\/wp-json\/wp\/v2\/posts"}],"about":[{"href":"https:\/\/www.caririemacao.com\/1\/wp-json\/wp\/v2\/types\/post"}],"author":[{"embeddable":true,"href":"https:\/\/www.caririemacao.com\/1\/wp-json\/wp\/v2\/users\/1"}],"replies":[{"embeddable":true,"href":"https:\/\/www.caririemacao.com\/1\/wp-json\/wp\/v2\/comments?post=78548"}],"version-history":[{"count":1,"href":"https:\/\/www.caririemacao.com\/1\/wp-json\/wp\/v2\/posts\/78548\/revisions"}],"predecessor-version":[{"id":78550,"href":"https:\/\/www.caririemacao.com\/1\/wp-json\/wp\/v2\/posts\/78548\/revisions\/78550"}],"wp:featuredmedia":[{"embeddable":true,"href":"https:\/\/www.caririemacao.com\/1\/wp-json\/wp\/v2\/media\/78549"}],"wp:attachment":[{"href":"https:\/\/www.caririemacao.com\/1\/wp-json\/wp\/v2\/media?parent=78548"}],"wp:term":[{"taxonomy":"category","embeddable":true,"href":"https:\/\/www.caririemacao.com\/1\/wp-json\/wp\/v2\/categories?post=78548"},{"taxonomy":"post_tag","embeddable":true,"href":"https:\/\/www.caririemacao.com\/1\/wp-json\/wp\/v2\/tags?post=78548"}],"curies":[{"name":"wp","href":"https:\/\/api.w.org\/{rel}","templated":true}]}}